{"id":84105,"date":"2016-08-18T14:09:49","date_gmt":"2016-08-18T11:09:49","guid":{"rendered":"http:\/\/www.sana.sy\/tr\/?p=84105"},"modified":"2016-08-18T16:31:51","modified_gmt":"2016-08-18T13:31:51","slug":"rusya-disisleri-bakanligi-resmi-sozcusu-maria-zakharova-suriyedeki-krizin-cozumu-konusunda-turkiye-ile-rusya-arasinda-gorus-farkliliginin-bulundugunu-rusyanin-da-bu-fakliligi-diyalog-ile-asmaya-c","status":"publish","type":"post","link":"https:\/\/archive.sana.sy\/tr\/?p=84105","title":{"rendered":"Rusya D\u0131\u015fi\u015fleri Bakanl\u0131\u011f\u0131 resmi s\u00f6zc\u00fcs\u00fc Maria Zakharova Suriye&#8217;deki krizin \u00e7\u00f6z\u00fcm\u00fc konusunda T\u00fcrkiye ile Rusya aras\u0131nda g\u00f6r\u00fc\u015f farkl\u0131l\u0131\u011f\u0131n\u0131n bulundu\u011funu, Rusya&#8217;n\u0131n da bu fakl\u0131l\u0131\u011f\u0131 diyalog ile a\u015fmaya \u00e7al\u0131\u015ft\u0131\u011f\u0131n\u0131 belirtti"},"content":{"rendered":"<p>Rusya D\u0131\u015fi\u015fleri Bakanl\u0131\u011f\u0131 resmi s\u00f6zc\u00fcs\u00fc Maria Zakharova Suriye&#8217;deki krizin \u00e7\u00f6z\u00fcm\u00fc konusunda T\u00fcrkiye ile Rusya aras\u0131nda g\u00f6r\u00fc\u015f farkl\u0131l\u0131\u011f\u0131n\u0131n bulundu\u011funu, Rusya&#8217;n\u0131n da bu fakl\u0131l\u0131\u011f\u0131 diyalog ile a\u015fmaya \u00e7al\u0131\u015ft\u0131\u011f\u0131n\u0131 belirtti<\/p>\n","protected":false},"excerpt":{"rendered":"<p>Rusya D\u0131\u015fi\u015fleri Bakanl\u0131\u011f\u0131 resmi s\u00f6zc\u00fcs\u00fc Maria Zakharova Suriye&#8217;deki krizin \u00e7\u00f6z\u00fcm\u00fc konusunda T\u00fcrkiye ile Rusya aras\u0131nda g\u00f6r\u00fc\u015f farkl\u0131l\u0131\u011f\u0131n\u0131n bulundu\u011funu, Rusya&#8217;n\u0131n da bu fakl\u0131l\u0131\u011f\u0131 diyalog ile a\u015fmaya \u00e7al\u0131\u015ft\u0131\u011f\u0131n\u0131 belirtti<\/p>\n","protected":false},"author":1,"featured_media":0,"comment_status":"closed","ping_status":"closed","sticky":false,"template":"","format":"standard","meta":{"footnotes":""},"categories":[17991],"tags":[],"class_list":["post-84105","post","type-post","status-publish","format-standard","","category-son-dakika"],"_links":{"self":[{"href":"https:\/\/archive.sana.sy\/tr\/index.php?rest_route=\/wp\/v2\/posts\/84105","targetHints":{"allow":["GET"]}}],"collection":[{"href":"https:\/\/archive.sana.sy\/tr\/index.php?rest_route=\/wp\/v2\/posts"}],"about":[{"href":"https:\/\/archive.sana.sy\/tr\/index.php?rest_route=\/wp\/v2\/types\/post"}],"author":[{"embeddable":true,"href":"https:\/\/archive.sana.sy\/tr\/index.php?rest_route=\/wp\/v2\/users\/1"}],"replies":[{"embeddable":true,"href":"https:\/\/archive.sana.sy\/tr\/index.php?rest_route=%2Fwp%2Fv2%2Fcomments&post=84105"}],"version-history":[{"count":0,"href":"https:\/\/archive.sana.sy\/tr\/index.php?rest_route=\/wp\/v2\/posts\/84105\/revisions"}],"wp:attachment":[{"href":"https:\/\/archive.sana.sy\/tr\/index.php?rest_route=%2Fwp%2Fv2%2Fmedia&parent=84105"}],"wp:term":[{"taxonomy":"category","embeddable":true,"href":"https:\/\/archive.sana.sy\/tr\/index.php?rest_route=%2Fwp%2Fv2%2Fcategories&post=84105"},{"taxonomy":"post_tag","embeddable":true,"href":"https:\/\/archive.sana.sy\/tr\/index.php?rest_route=%2Fwp%2Fv2%2Ftags&post=84105"}],"curies":[{"name":"wp","href":"https:\/\/api.w.org\/{rel}","templated":true}]}}