{"id":84208,"date":"2016-08-19T10:15:00","date_gmt":"2016-08-19T07:15:00","guid":{"rendered":"http:\/\/www.sana.sy\/tr\/?p=84208"},"modified":"2016-08-20T10:48:24","modified_gmt":"2016-08-20T07:48:24","slug":"icerik-ve-ilerleme-acisindan-zengin-olmali","status":"publish","type":"post","link":"https:\/\/archive.sana.sy\/tr\/?p=84208","title":{"rendered":"\u0130\u00e7erik ve \u0130lerleme A\u00e7\u0131s\u0131ndan Zengin Olmal\u0131"},"content":{"rendered":"<p>MOSKOVA \u2013 Rusya D\u0131\u015fi\u015fleri Bakanl\u0131\u011f\u0131nda bir kaynak; Rusya D\u0131\u015fi\u015fleri Bakan\u0131 Sergey Lavrov ile ABD\u2019li mevkida\u015f\u0131 John Kerry aras\u0131nda \u00f6n\u00fcm\u00fczdeki hafta i\u00e7inde Cenevre&#8217;de bir toplant\u0131n\u0131n olaca\u011f\u0131ndan s\u00f6z etmek i\u00e7in zaman\u0131n hen\u00fcz erken oldu\u011funu ilan etti.<\/p>\n<p>Rus kaynak Sputnik ajans\u0131n\u0131n aktard\u0131\u011f\u0131 a\u00e7\u0131klamalar\u0131nda; b\u00f6yle bir toplant\u0131n\u0131n olma imkan\u0131n\u0131n, Cenevre&#8217;de temaslarda bulunan Rus ve Amerikal\u0131 uzmanlar\u0131n kaydedecekleri ilerlemeye ba\u011fl\u0131 oldu\u011funu belirtti. Kaynak toplant\u0131n\u0131n propaganda ama\u00e7l\u0131 protokol bir toplant\u0131 olmamas\u0131 gerekti\u011fini, i\u00e7erik ve ilerleme a\u00e7\u0131s\u0131ndan zengin olmas\u0131 gerekti\u011finin s\u00f6yledi.<\/p>\n","protected":false},"excerpt":{"rendered":"<p>MOSKOVA \u2013 Rusya D\u0131\u015fi\u015fleri Bakanl\u0131\u011f\u0131nda bir kaynak; Rusya D\u0131\u015fi\u015fleri Bakan\u0131 Sergey Lavrov ile ABD\u2019li mevkida\u015f\u0131 John Kerry aras\u0131nda \u00f6n\u00fcm\u00fczdeki hafta i\u00e7inde Cenevre&#8217;de bir toplant\u0131n\u0131n olaca\u011f\u0131ndan s\u00f6z etmek i\u00e7in zaman\u0131n hen\u00fcz erken oldu\u011funu ilan etti. Rus kaynak Sputnik ajans\u0131n\u0131n aktard\u0131\u011f\u0131 a\u00e7\u0131klamalar\u0131nda; b\u00f6yle bir toplant\u0131n\u0131n olma imkan\u0131n\u0131n, Cenevre&#8217;de temaslarda bulunan Rus ve Amerikal\u0131 uzmanlar\u0131n kaydedecekleri ilerlemeye ba\u011fl\u0131 &hellip;<\/p>\n","protected":false},"author":1,"featured_media":65481,"comment_status":"closed","ping_status":"closed","sticky":false,"template":"","format":"standard","meta":{"footnotes":""},"categories":[458,459,17988],"tags":[23286],"class_list":["post-84208","post","type-post","status-publish","format-standard","has-post-thumbnail","","category-dunya1","category-haberler-arap-uluslararasi-politika","category-son-haberler","tag-rusya-disisleri-bakani-sergey-lavrov-ile-abdli-mevkidasi-john-kerry"],"_links":{"self":[{"href":"https:\/\/archive.sana.sy\/tr\/index.php?rest_route=\/wp\/v2\/posts\/84208","targetHints":{"allow":["GET"]}}],"collection":[{"href":"https:\/\/archive.sana.sy\/tr\/index.php?rest_route=\/wp\/v2\/posts"}],"about":[{"href":"https:\/\/archive.sana.sy\/tr\/index.php?rest_route=\/wp\/v2\/types\/post"}],"author":[{"embeddable":true,"href":"https:\/\/archive.sana.sy\/tr\/index.php?rest_route=\/wp\/v2\/users\/1"}],"replies":[{"embeddable":true,"href":"https:\/\/archive.sana.sy\/tr\/index.php?rest_route=%2Fwp%2Fv2%2Fcomments&post=84208"}],"version-history":[{"count":0,"href":"https:\/\/archive.sana.sy\/tr\/index.php?rest_route=\/wp\/v2\/posts\/84208\/revisions"}],"wp:featuredmedia":[{"embeddable":true,"href":"https:\/\/archive.sana.sy\/tr\/index.php?rest_route=\/wp\/v2\/media\/65481"}],"wp:attachment":[{"href":"https:\/\/archive.sana.sy\/tr\/index.php?rest_route=%2Fwp%2Fv2%2Fmedia&parent=84208"}],"wp:term":[{"taxonomy":"category","embeddable":true,"href":"https:\/\/archive.sana.sy\/tr\/index.php?rest_route=%2Fwp%2Fv2%2Fcategories&post=84208"},{"taxonomy":"post_tag","embeddable":true,"href":"https:\/\/archive.sana.sy\/tr\/index.php?rest_route=%2Fwp%2Fv2%2Ftags&post=84208"}],"curies":[{"name":"wp","href":"https:\/\/api.w.org\/{rel}","templated":true}]}}