{"id":84222,"date":"2016-08-19T12:29:47","date_gmt":"2016-08-19T09:29:47","guid":{"rendered":"http:\/\/www.sana.sy\/tr\/?p=84222"},"modified":"2016-08-20T10:48:45","modified_gmt":"2016-08-20T07:48:45","slug":"goruntuler-iddialari-yalanliyor","status":"publish","type":"post","link":"https:\/\/archive.sana.sy\/tr\/?p=84222","title":{"rendered":"G\u00f6r\u00fcnt\u00fcler \u0130ddialar\u0131 Yalanl\u0131yor"},"content":{"rendered":"<p>MOSKOVA \u2013 Rusya Savunma Bakanl\u0131\u011f\u0131 S\u00f6zc\u00fcs\u00fc \u0130gor Kona\u015fenkov, Suriye&#8217;de \u00e7okuluslu radikal ter\u00f6re kar\u015f\u0131 hava operasyonlar\u0131nda bulunan Rus hava g\u00fc\u00e7lerine ait u\u00e7aklar\u0131n \u2018Halep\u2019in Kat\u0131rc\u0131 Semtini bombalad\u0131klar\u0131\u2019 y\u00f6n\u00fcnde bir k\u0131s\u0131m medya ara\u00e7lar\u0131n\u0131n yayd\u0131\u011f\u0131 iddialar\u0131 yalanlad\u0131.<\/p>\n<p>Kona\u015fenkov bug\u00fcn yapt\u0131\u011f\u0131 a\u00e7\u0131klamalarda Rus hava g\u00fc\u00e7lerinin Suriye&#8217;de yerle\u015fim yerlerini hi\u00e7bir zaman hedef almad\u0131\u011f\u0131n\u0131n pek \u00e7ok kez belirtildi\u011fini vurgulad\u0131. Rusya&#8217;n\u0131n \u015fimdi de bunu bir kez daha vurgulad\u0131\u011f\u0131n\u0131 ifade eden Kona\u015fenkov; bunun, Halep\u2019in do\u011fu semtlerinde siviller ve silah\u0131n\u0131 teslim etmek isteyenlerin tahliyesi i\u00e7in bir s\u00fcre \u00f6nce a\u00e7\u0131lan insani koridorlar\u0131n hemen yak\u0131n\u0131ndaki Kat\u0131rc\u0131 Semti i\u00e7in de ge\u00e7erli oldu\u011funu vurgulad\u0131.<\/p>\n<p>&#8220;Suriye&#8217;deki izleme merkezimiz insani koridorlar\u0131n yak\u0131n\u0131ndaki sokak ve evlerin ter\u00f6rist gruplar taraf\u0131ndan her g\u00fcn f\u00fcze ve havan topu mermileriyle vuruldu\u011funu bildiriyor&#8221; diye devam eden Kona\u015fenkov, iddia edilen b\u00f6lgede g\u00f6r\u00fclen y\u0131k\u0131m\u0131n, iddialar\u0131n aksine, sald\u0131r\u0131n\u0131n u\u00e7aklarla de\u011fil ter\u00f6ristlerin elinde bol miktarda bulunan f\u00fcze, havan mermileri ve gaz balonlar\u0131 ile ger\u00e7ekle\u015ftirildi\u011fini g\u00f6sterdi\u011fine dikkat \u00e7ekti.<\/p>\n","protected":false},"excerpt":{"rendered":"<p>MOSKOVA \u2013 Rusya Savunma Bakanl\u0131\u011f\u0131 S\u00f6zc\u00fcs\u00fc \u0130gor Kona\u015fenkov, Suriye&#8217;de \u00e7okuluslu radikal ter\u00f6re kar\u015f\u0131 hava operasyonlar\u0131nda bulunan Rus hava g\u00fc\u00e7lerine ait u\u00e7aklar\u0131n \u2018Halep\u2019in Kat\u0131rc\u0131 Semtini bombalad\u0131klar\u0131\u2019 y\u00f6n\u00fcnde bir k\u0131s\u0131m medya ara\u00e7lar\u0131n\u0131n yayd\u0131\u011f\u0131 iddialar\u0131 yalanlad\u0131. Kona\u015fenkov bug\u00fcn yapt\u0131\u011f\u0131 a\u00e7\u0131klamalarda Rus hava g\u00fc\u00e7lerinin Suriye&#8217;de yerle\u015fim yerlerini hi\u00e7bir zaman hedef almad\u0131\u011f\u0131n\u0131n pek \u00e7ok kez belirtildi\u011fini vurgulad\u0131. Rusya&#8217;n\u0131n \u015fimdi de &hellip;<\/p>\n","protected":false},"author":1,"featured_media":76965,"comment_status":"closed","ping_status":"closed","sticky":false,"template":"","format":"standard","meta":{"footnotes":""},"categories":[458,459,17988],"tags":[23288,23287],"class_list":["post-84222","post","type-post","status-publish","format-standard","has-post-thumbnail","","category-dunya1","category-haberler-arap-uluslararasi-politika","category-son-haberler","tag-goruntuler-iddialari-yalanliyor","tag-rusya-savunma-bakanligi-sozcusu-igor-konasenkov"],"_links":{"self":[{"href":"https:\/\/archive.sana.sy\/tr\/index.php?rest_route=\/wp\/v2\/posts\/84222","targetHints":{"allow":["GET"]}}],"collection":[{"href":"https:\/\/archive.sana.sy\/tr\/index.php?rest_route=\/wp\/v2\/posts"}],"about":[{"href":"https:\/\/archive.sana.sy\/tr\/index.php?rest_route=\/wp\/v2\/types\/post"}],"author":[{"embeddable":true,"href":"https:\/\/archive.sana.sy\/tr\/index.php?rest_route=\/wp\/v2\/users\/1"}],"replies":[{"embeddable":true,"href":"https:\/\/archive.sana.sy\/tr\/index.php?rest_route=%2Fwp%2Fv2%2Fcomments&post=84222"}],"version-history":[{"count":0,"href":"https:\/\/archive.sana.sy\/tr\/index.php?rest_route=\/wp\/v2\/posts\/84222\/revisions"}],"wp:featuredmedia":[{"embeddable":true,"href":"https:\/\/archive.sana.sy\/tr\/index.php?rest_route=\/wp\/v2\/media\/76965"}],"wp:attachment":[{"href":"https:\/\/archive.sana.sy\/tr\/index.php?rest_route=%2Fwp%2Fv2%2Fmedia&parent=84222"}],"wp:term":[{"taxonomy":"category","embeddable":true,"href":"https:\/\/archive.sana.sy\/tr\/index.php?rest_route=%2Fwp%2Fv2%2Fcategories&post=84222"},{"taxonomy":"post_tag","embeddable":true,"href":"https:\/\/archive.sana.sy\/tr\/index.php?rest_route=%2Fwp%2Fv2%2Ftags&post=84222"}],"curies":[{"name":"wp","href":"https:\/\/api.w.org\/{rel}","templated":true}]}}