{"id":84359,"date":"2016-08-20T17:50:03","date_gmt":"2016-08-20T14:50:03","guid":{"rendered":"http:\/\/www.sana.sy\/tr\/?p=84359"},"modified":"2016-08-21T16:08:14","modified_gmt":"2016-08-21T13:08:14","slug":"ikili-iliskileri-muhtelif-alanlarda-gelistirme-onemini-vurguladilar","status":"publish","type":"post","link":"https:\/\/archive.sana.sy\/tr\/?p=84359","title":{"rendered":"\u0130kili \u0130li\u015fkileri Muhtelif Alanlarda Geli\u015ftirme \u00d6nemini Vurgulad\u0131lar"},"content":{"rendered":"<p>\u015eAM \u2013 Cumhurba\u015fkan\u0131 Be\u015f\u015far el Esad bug\u00fcn Hindistan\u2019da d\u0131\u015f i\u015flerden sorumlu devlet bakan\u0131 Cavit Ekber ve ona e\u015flik eden heyeti kabul etti.<\/p>\n<p><a href=\"http:\/\/www.sana.sy\/tr\/wp-content\/uploads\/2016\/08\/Esad-3-1.jpg\"><img loading=\"lazy\" decoding=\"async\" class=\"alignright wp-image-84375 size-medium\" src=\"http:\/\/www.sana.sy\/tr\/wp-content\/uploads\/2016\/08\/Esad-3-1-300x167.jpg\" alt=\"Esad 3\" width=\"300\" height=\"167\" srcset=\"https:\/\/archive.sana.sy\/tr\/wp-content\/uploads\/2016\/08\/Esad-3-1-300x167.jpg 300w, https:\/\/archive.sana.sy\/tr\/wp-content\/uploads\/2016\/08\/Esad-3-1-150x84.jpg 150w, https:\/\/archive.sana.sy\/tr\/wp-content\/uploads\/2016\/08\/Esad-3-1-768x429.jpg 768w, https:\/\/archive.sana.sy\/tr\/wp-content\/uploads\/2016\/08\/Esad-3-1-1024x572.jpg 1024w\" sizes=\"auto, (max-width: 300px) 100vw, 300px\" \/><\/a>G\u00f6r\u00fc\u015fmede Suriye&#8217;nin tan\u0131k oldu\u011fu durumlarla birlikte ter\u00f6r\u00fcn b\u00f6lge ve t\u00fcm d\u00fcnya a\u00e7\u0131s\u0131ndan te\u015fkil etti\u011fi tehlike ele al\u0131nd\u0131. \u0130ki dost \u00fclke aras\u0131nda on y\u0131llar boyunca geli\u015fip peki\u015fen ikili metin ili\u015fkilerin de g\u00f6zden ge\u00e7irildi g\u00f6r\u00fc\u015fmede bu ili\u015fkileri bir dizi alanda geli\u015ftirme iste\u011fi ve gere\u011finin alt\u0131 \u00e7izildi.<\/p>\n<p>Cumhurba\u015fkan\u0131 el Esad aralar\u0131nda Hindistan\u2019\u0131n da bulundu\u011fu bir\u00e7ok dost devletin Suriye ve halk\u0131n\u0131n yan\u0131nda olmalar\u0131n\u0131n b\u00f6lgesel ve evrensel kimi devletlerin ter\u00f6r \u00f6rg\u00fctleri kullanarak y\u00fcr\u00fctt\u00fckleri sava\u015f kar\u015f\u0131s\u0131nda Suriye&#8217;nin m\u00fccadele g\u00fcc\u00fcn\u00fc somut bir \u015fekilde peki\u015ftirdi\u011fini ifade etti. Bu devletlerin ter\u00f6r \u00f6rg\u00fctleri arac\u0131l\u0131\u011f\u0131 ile Suriye&#8217;de bulunduklar\u0131 y\u0131k\u0131m, \u00f6l\u00fcm ve insani durumlara i\u015faret eden el Esad; ayn\u0131 devletlerin \u015fu ana dek ter\u00f6re her t\u00fcrl\u00fc desteklerini s\u00fcrd\u00fcr\u00fcp \u015fu ana dek siyasi \u00e7\u00f6z\u00fcm y\u00f6n\u00fcndeki \u00e7abalar\u0131 sabote etmeye \u00e7al\u0131\u015ft\u0131klar\u0131n\u0131 kaydetti.<\/p>\n<p><a href=\"http:\/\/www.sana.sy\/tr\/wp-content\/uploads\/2016\/08\/Esad-4-1.jpg\"><img loading=\"lazy\" decoding=\"async\" class=\"alignright wp-image-84376 size-medium\" src=\"http:\/\/www.sana.sy\/tr\/wp-content\/uploads\/2016\/08\/Esad-4-1-300x132.jpg\" alt=\"Esad 4\" width=\"300\" height=\"132\" srcset=\"https:\/\/archive.sana.sy\/tr\/wp-content\/uploads\/2016\/08\/Esad-4-1-300x132.jpg 300w, https:\/\/archive.sana.sy\/tr\/wp-content\/uploads\/2016\/08\/Esad-4-1-150x66.jpg 150w, https:\/\/archive.sana.sy\/tr\/wp-content\/uploads\/2016\/08\/Esad-4-1-768x338.jpg 768w, https:\/\/archive.sana.sy\/tr\/wp-content\/uploads\/2016\/08\/Esad-4-1-1024x451.jpg 1024w\" sizes=\"auto, (max-width: 300px) 100vw, 300px\" \/><\/a>Suriyelilerin ekonomik, g\u00fcvenlik ve g\u00fcnl\u00fck ya\u015famlar\u0131nda bile ya\u015fad\u0131klar\u0131 t\u00fcm ac\u0131lar ve zor ko\u015fullara ra\u011fmen vatanlar\u0131n\u0131 savunma azim ve kararl\u0131l\u0131klar\u0131n\u0131n alt\u0131n\u0131 \u00e7izen el Esad; ayn\u0131 zamanda Suriye&#8217;nin toprak b\u00fct\u00fcnl\u00fc\u011f\u00fcn\u00fc ve egemenli\u011fini savunma \u0131srar\u0131nda olduklar\u0131n\u0131 vurgulad\u0131.<\/p>\n<p>Konuk Bakan Ekber ise ter\u00f6re kar\u015f\u0131 m\u00fccadelesinde Suriye&#8217;nin yan\u0131nda olma ve onu destekleme gere\u011fini ifade ederken, bu y\u00f6nde sa\u011flad\u0131\u011f\u0131 ba\u015far\u0131lar\u0131 da artt\u0131rmas\u0131na yard\u0131mc\u0131 olma \u00f6nemini vurgulad\u0131. Ekber ter\u00f6r\u00fcn te\u015fkil etti\u011fi tehlikeyi idrak etmemenin b\u00fcy\u00fck bir yanl\u0131\u015f oldu\u011funu s\u00f6yledi.<\/p>\n<p><a href=\"http:\/\/www.sana.sy\/tr\/wp-content\/uploads\/2016\/08\/Esad-5.jpg\"><img loading=\"lazy\" decoding=\"async\" class=\"alignright wp-image-84378 size-medium\" src=\"http:\/\/www.sana.sy\/tr\/wp-content\/uploads\/2016\/08\/Esad-5-300x177.jpg\" alt=\"Esad 5\" width=\"300\" height=\"177\" srcset=\"https:\/\/archive.sana.sy\/tr\/wp-content\/uploads\/2016\/08\/Esad-5-300x177.jpg 300w, https:\/\/archive.sana.sy\/tr\/wp-content\/uploads\/2016\/08\/Esad-5-150x88.jpg 150w, https:\/\/archive.sana.sy\/tr\/wp-content\/uploads\/2016\/08\/Esad-5-768x453.jpg 768w, https:\/\/archive.sana.sy\/tr\/wp-content\/uploads\/2016\/08\/Esad-5-1024x604.jpg 1024w\" sizes=\"auto, (max-width: 300px) 100vw, 300px\" \/><\/a>Suriyelilerin ac\u0131lar\u0131n\u0131 hafifletme ve ter\u00f6re kar\u015f\u0131 m\u00fccadelelerini peki\u015ftirme ama\u00e7l\u0131 olarak \u00fclkesinin gereken her yard\u0131m\u0131 sa\u011flamaya haz\u0131r oldu\u011funu vurgulayan Ekber; kalk\u0131nma ve yeniden yap\u0131lanma s\u00fcrecine de faal bir \u015fekilde kat\u0131lma arzusunu ifade etti.<\/p>\n<p>G\u00f6r\u00fc\u015fmeye Ba\u015fbakan Yard\u0131mc\u0131s\u0131 D\u0131\u015fi\u015fleri ve Gurbet\u00e7iler Bakan\u0131 Velid el Muallim, Cumhurba\u015fkanl\u0131\u011f\u0131nda siyasi ve bas\u0131n dan\u0131\u015fman\u0131 B\u00fcseyna \u015eaban, D\u0131\u015fi\u015fleri ve Gurbet\u00e7iler Bakan Yard\u0131mc\u0131s\u0131 Faysal Mikdat; D\u0131\u015f \u0130\u015fleri Bakanl\u0131\u011f\u0131nda Asya Departman\u0131 m\u00fcd\u00fcr\u00fc ve Hindistan\u2019\u0131n \u015eam b\u00fcy\u00fckel\u00e7isi kat\u0131ld\u0131lar<\/p>\n","protected":false},"excerpt":{"rendered":"<p>\u015eAM \u2013 Cumhurba\u015fkan\u0131 Be\u015f\u015far el Esad bug\u00fcn Hindistan\u2019da d\u0131\u015f i\u015flerden sorumlu devlet bakan\u0131 Cavit Ekber ve ona e\u015flik eden heyeti kabul etti. G\u00f6r\u00fc\u015fmede Suriye&#8217;nin tan\u0131k oldu\u011fu durumlarla birlikte ter\u00f6r\u00fcn b\u00f6lge ve t\u00fcm d\u00fcnya a\u00e7\u0131s\u0131ndan te\u015fkil etti\u011fi tehlike ele al\u0131nd\u0131. \u0130ki dost \u00fclke aras\u0131nda on y\u0131llar boyunca geli\u015fip peki\u015fen ikili metin ili\u015fkilerin de g\u00f6zden ge\u00e7irildi g\u00f6r\u00fc\u015fmede &hellip;<\/p>\n","protected":false},"author":1,"featured_media":84360,"comment_status":"closed","ping_status":"closed","sticky":false,"template":"","format":"standard","meta":{"footnotes":""},"categories":[608,479,605,17988,478],"tags":[16402,23317],"class_list":["post-84359","post","type-post","status-publish","format-standard","has-post-thumbnail","","category-etkinlikler","category-haberler-yerel","category-sayin-cumhurbaskani","category-son-haberler","category-yerel","tag-cumhurbaskani-bessar-el-esad","tag-hindistanda-dis-islerden-sorumlu-devlet-bakani-cavit-ekber"],"_links":{"self":[{"href":"https:\/\/archive.sana.sy\/tr\/index.php?rest_route=\/wp\/v2\/posts\/84359","targetHints":{"allow":["GET"]}}],"collection":[{"href":"https:\/\/archive.sana.sy\/tr\/index.php?rest_route=\/wp\/v2\/posts"}],"about":[{"href":"https:\/\/archive.sana.sy\/tr\/index.php?rest_route=\/wp\/v2\/types\/post"}],"author":[{"embeddable":true,"href":"https:\/\/archive.sana.sy\/tr\/index.php?rest_route=\/wp\/v2\/users\/1"}],"replies":[{"embeddable":true,"href":"https:\/\/archive.sana.sy\/tr\/index.php?rest_route=%2Fwp%2Fv2%2Fcomments&post=84359"}],"version-history":[{"count":0,"href":"https:\/\/archive.sana.sy\/tr\/index.php?rest_route=\/wp\/v2\/posts\/84359\/revisions"}],"wp:featuredmedia":[{"embeddable":true,"href":"https:\/\/archive.sana.sy\/tr\/index.php?rest_route=\/wp\/v2\/media\/84360"}],"wp:attachment":[{"href":"https:\/\/archive.sana.sy\/tr\/index.php?rest_route=%2Fwp%2Fv2%2Fmedia&parent=84359"}],"wp:term":[{"taxonomy":"category","embeddable":true,"href":"https:\/\/archive.sana.sy\/tr\/index.php?rest_route=%2Fwp%2Fv2%2Fcategories&post=84359"},{"taxonomy":"post_tag","embeddable":true,"href":"https:\/\/archive.sana.sy\/tr\/index.php?rest_route=%2Fwp%2Fv2%2Ftags&post=84359"}],"curies":[{"name":"wp","href":"https:\/\/api.w.org\/{rel}","templated":true}]}}