{"id":84365,"date":"2016-08-20T17:28:44","date_gmt":"2016-08-20T14:28:44","guid":{"rendered":"http:\/\/www.sana.sy\/tr\/?p=84365"},"modified":"2016-08-21T09:36:15","modified_gmt":"2016-08-21T06:36:15","slug":"halep-kirsalinda-onlarca-terorist-olduruldugu-itiraf-edildi","status":"publish","type":"post","link":"https:\/\/archive.sana.sy\/tr\/?p=84365","title":{"rendered":"Halep K\u0131rsal\u0131nda Onlarca Ter\u00f6rist \u00d6ld\u00fcr\u00fcld\u00fc\u011f\u00fc \u0130tiraf Edildi"},"content":{"rendered":"<p>HALEP \u2013 Eli kanl\u0131 Erdo\u011fan rejimine ba\u011fl\u0131 ter\u00f6r \u00f6rg\u00fctleri medya ara\u00e7lar\u0131nda Halep k\u0131rsal\u0131n\u0131n g\u00fcney ve bat\u0131s\u0131nda aralar\u0131nda 10 saha komutan\u0131n\u0131n bulundu\u011fu 60 ter\u00f6ristin \u00f6ld\u00fcr\u00fcld\u00fc\u011f\u00fcn\u00fc itiraf etti.<\/p>\n<p>\u00d6ld\u00fcr\u00fclen ter\u00f6r eleba\u015flar\u0131 aras\u0131nda \u2018Ensar el \u0130slam Cemaatinin\u2019 s\u00f6zde genel sorumlusu olarak adland\u0131r\u0131lan \u2018Ebu Leys el Tunusi\u2019 kod ad\u0131yla bilinen ter\u00f6r komutan\u0131n\u0131n yan\u0131 s\u0131ra Hama B\u00f6lgesinde Nusra Cephesinin s\u00f6zde keskin ni\u015fanc\u0131 birlikleri sorumlusu ter\u00f6r eleba\u015f\u0131 \u2018Ebu Mikdat el T\u00fcrki\u2019nin yan\u0131 s\u0131ra \u2018\u015eam Cephesi\u2019 ter\u00f6r \u00f6rg\u00fct\u00fcn\u00fcn s\u00f6zde Halep b\u00f6lgesinde askeri sorumlusu \u2018Ebu Mahmut\u2019 kod adl\u0131 \u015eemsettin ve Ahrar el \u015eam Hareketinde s\u00f6zde tank sorumlusu \u2018Seyfullah\u2019 adl\u0131 ter\u00f6r eleba\u015f\u0131na ek olarak \u015eam Kolordusu ter\u00f6r \u00f6rg\u00fct\u00fcne tabi \u2018Ensaruddin T\u00fcmeni\u2019 adl\u0131 \u00e7etelerin sorumlusu \u2018Ebu Kermu\u2019 kod ad\u0131yla bilenin Muhammed Abd\u00fclkerim el D\u011fiyem\u2019inin bulundu\u011fu kaydedildi.<\/p>\n<p>Ter\u00f6r \u00f6rg\u00fctleri ayr\u0131ca \u2018\u015eam Cephesi\u2019, \u2018Ahrar el \u015eam \u0130slami Hareketi\u2019, \u2018\u0130man Ordusu\u2019, \u2018\u015eam Kolordusu\u2019 ve \u2018Ensaruddin T\u00fcmeni\u2019 olarak adland\u0131r\u0131lan ter\u00f6r \u00f6rg\u00fctlere tabi s\u00f6zde askeri komutanlardan Ahmet Amaya, S\u00fcleyman Ebu el Uyun, Ebu el Bara el Hamvi, Ebu Muhammed el Men\u015fi ve Muhammed Dekme\u2019nin \u00f6ld\u00fcr\u00fcld\u00fc\u011f\u00fcn\u00fc itiraf etti.<\/p>\n<p>Bu arada ter\u00f6r \u00f6rg\u00fctleri medya ara\u00e7lar\u0131nda \u00e7at\u0131\u015fmalarda \u00f6len ve aralar\u0131nda T\u00fcrkiyeli \u2018Ebu Ozal\u2019 lakab\u0131yla bilinen yabanc\u0131 \u00e7ok say\u0131da ter\u00f6ristin bulundu\u011fu 50\u2019den fazla ter\u00f6ristin kimli\u011fini a\u00e7\u0131klad\u0131.<\/p>\n","protected":false},"excerpt":{"rendered":"<p>HALEP \u2013 Eli kanl\u0131 Erdo\u011fan rejimine ba\u011fl\u0131 ter\u00f6r \u00f6rg\u00fctleri medya ara\u00e7lar\u0131nda Halep k\u0131rsal\u0131n\u0131n g\u00fcney ve bat\u0131s\u0131nda aralar\u0131nda 10 saha komutan\u0131n\u0131n bulundu\u011fu 60 ter\u00f6ristin \u00f6ld\u00fcr\u00fcld\u00fc\u011f\u00fcn\u00fc itiraf etti. \u00d6ld\u00fcr\u00fclen ter\u00f6r eleba\u015flar\u0131 aras\u0131nda \u2018Ensar el \u0130slam Cemaatinin\u2019 s\u00f6zde genel sorumlusu olarak adland\u0131r\u0131lan \u2018Ebu Leys el Tunusi\u2019 kod ad\u0131yla bilinen ter\u00f6r komutan\u0131n\u0131n yan\u0131 s\u0131ra Hama B\u00f6lgesinde Nusra Cephesinin s\u00f6zde &hellip;<\/p>\n","protected":false},"author":1,"featured_media":84368,"comment_status":"closed","ping_status":"closed","sticky":false,"template":"","format":"standard","meta":{"footnotes":""},"categories":[479,575,17988,478],"tags":[23318],"class_list":["post-84365","post","type-post","status-publish","format-standard","has-post-thumbnail","","category-haberler-yerel","category-olaylar-ve-gercekler","category-son-haberler","category-yerel","tag-halep-kirsalinda-onlarca-terorist-olduruldugu-itiraf-edildi"],"_links":{"self":[{"href":"https:\/\/archive.sana.sy\/tr\/index.php?rest_route=\/wp\/v2\/posts\/84365","targetHints":{"allow":["GET"]}}],"collection":[{"href":"https:\/\/archive.sana.sy\/tr\/index.php?rest_route=\/wp\/v2\/posts"}],"about":[{"href":"https:\/\/archive.sana.sy\/tr\/index.php?rest_route=\/wp\/v2\/types\/post"}],"author":[{"embeddable":true,"href":"https:\/\/archive.sana.sy\/tr\/index.php?rest_route=\/wp\/v2\/users\/1"}],"replies":[{"embeddable":true,"href":"https:\/\/archive.sana.sy\/tr\/index.php?rest_route=%2Fwp%2Fv2%2Fcomments&post=84365"}],"version-history":[{"count":0,"href":"https:\/\/archive.sana.sy\/tr\/index.php?rest_route=\/wp\/v2\/posts\/84365\/revisions"}],"wp:featuredmedia":[{"embeddable":true,"href":"https:\/\/archive.sana.sy\/tr\/index.php?rest_route=\/wp\/v2\/media\/84368"}],"wp:attachment":[{"href":"https:\/\/archive.sana.sy\/tr\/index.php?rest_route=%2Fwp%2Fv2%2Fmedia&parent=84365"}],"wp:term":[{"taxonomy":"category","embeddable":true,"href":"https:\/\/archive.sana.sy\/tr\/index.php?rest_route=%2Fwp%2Fv2%2Fcategories&post=84365"},{"taxonomy":"post_tag","embeddable":true,"href":"https:\/\/archive.sana.sy\/tr\/index.php?rest_route=%2Fwp%2Fv2%2Ftags&post=84365"}],"curies":[{"name":"wp","href":"https:\/\/api.w.org\/{rel}","templated":true}]}}