{"id":84367,"date":"2016-08-20T17:38:01","date_gmt":"2016-08-20T14:38:01","guid":{"rendered":"http:\/\/www.sana.sy\/tr\/?p=84367"},"modified":"2016-08-21T16:25:10","modified_gmt":"2016-08-21T13:25:10","slug":"teroristlerin-saldirilarini-cokertirlerken-arac-ve-cephanelerini-de-imha-ettiler","status":"publish","type":"post","link":"https:\/\/archive.sana.sy\/tr\/?p=84367","title":{"rendered":"Ter\u00f6ristlerin Sald\u0131r\u0131lar\u0131n\u0131 \u00c7\u00f6kertirlerken Ara\u00e7 ve Cephanelerini de \u0130mha Ettiler"},"content":{"rendered":"<p>\u0130LLER\u00a0\u2013 Ordu birliklerimiz radikal ter\u00f6ristlerin sald\u0131r\u0131lar\u0131n\u0131 \u00e7\u00f6kertmelerinin yan\u0131 s\u0131ra muhtelif b\u00f6lgelerde karargah ve hareketlenmelerini de hedef alarak onlarcas\u0131n\u0131 ara\u00e7lar\u0131yla etkisiz hale getirdiler.<\/p>\n<p>Bu arada askeri kaynak SANA\u2019ya a\u00e7\u0131klamas\u0131nda hava g\u00fc\u00e7lerimizin son 24 saat i\u00e7inde Halep, \u0130dlib, Hama, Homs ve Deyrezzor k\u0131rsallar\u0131nda \u00e7okuluslu ve radikal ter\u00f6r \u00f6rg\u00fctlere kar\u015f\u0131 46\u2019s\u0131 sava\u015f u\u00e7aklar\u0131, 26\u2019s\u0131 da helikopterlerle olmak \u00fczere toplam 72 hava operasyonu ger\u00e7ekle\u015ftirdiklerini belirtti.<\/p>\n<p><span style=\"color: #0000ff\">\u0130DL\u0130B:<\/span><\/p>\n<p>Kaynak hava operasyonlar\u0131nda Serakib \u2013 Halep ekseninden bir k\u0131sm\u0131 a\u011f\u0131r silahlarla donat\u0131lm\u0131\u015f bir k\u0131sm\u0131 da z\u0131rhl\u0131 olan cephane ve ter\u00f6rist y\u00fckl\u00fc bir ara\u00e7 konvoyunun imha edildi\u011fini s\u00f6yledi.<\/p>\n<p><span style=\"color: #0000ff\">HALEP:<\/span><\/p>\n<p>Halep\u2019te askeri akademiler civar\u0131nda ger\u00e7ekle\u015ftirilen hava operasyonlar\u0131nda a\u011f\u0131r silahlarla donat\u0131lm\u0131\u015f 4 arac\u0131n imha edildi\u011fini belirten kaynak; \u015eehy Sait B\u00f6lgesinde de Nusra Cephesinin iki komuta karargah\u0131n\u0131n muhtevalar\u0131yla imha edildi\u011fini s\u00f6yledi.<\/p>\n<p>Kaynak Deyr Hafir, Hmeymiye, Resm el Kema, Hermel ve Tel Bican b\u00f6lgelerinde ter\u00f6r mevkileri ve hareket eksenlerini hedef alan operasyonlarda ise aralar\u0131nda yabanc\u0131 ve saha komutanlar\u0131n\u0131n bulundu\u011fu onlarca ter\u00f6ristin \u00f6ld\u00fcr\u00fcld\u00fc\u011f\u00fcn\u00fc aktard\u0131.<\/p>\n<p><span style=\"color: #0000ff\">HAMA:<\/span><\/p>\n<p>Askeri kaynak SANA\u2019ya a\u00e7\u0131klamas\u0131nda ordu birliklerimizin Hama k\u0131rsal\u0131n\u0131n kuzeyi Mean \u2013 Zellakiyat ekseninde Kaide \u00d6rg\u00fct\u00fcn\u00fcn Suriye kolu Nusra Cephesinin s\u0131zma ve sald\u0131r\u0131 giri\u015fimlerini ba\u015far\u0131yla \u00e7\u00f6kerttiklerini belirtti.<\/p>\n<p>Kaynak operasyonlarda tekfircilere ait BMB tipi 3 ara\u00e7, a\u011f\u0131r silahlarla donat\u0131lm\u0131\u015f 3 ara\u00e7, cephane y\u00fckl\u00fc bir kamyon ve siperlenme ve yol a\u00e7mada kulland\u0131klar\u0131 bir dozeri imha ettiklerini, aralar\u0131nda \u00f6nemli isimlerin bulundu\u011fu \u00e7ok say\u0131da ter\u00f6ristin de \u00f6ld\u00fcr\u00fcld\u00fc\u011f\u00fcn\u00fc aktard\u0131.<\/p>\n<p>G\u00fcn\u00fcn ilerleyen saatlerinde a\u00e7\u0131klama yapan bir kaynak; hava g\u00fc\u00e7lerimizin Hama k\u0131rsal\u0131n\u0131n kuzeyi Latamina Beldesinin g\u00fcneyinde &#8216;Fetih Ordusu&#8217;na kar\u015f\u0131 hava operasyonlar\u0131 ger\u00e7ekle\u015ftirerek ter\u00f6rist ve cephane ta\u015f\u0131yan 2 arac\u0131 imha etmelerine e\u015f zamanl\u0131 olarak Kefar Zeyta ve Lahaya b\u00f6lgelerinde a\u011f\u0131r makineli silahla donat\u0131lm\u0131\u015f 4 arac\u0131 y\u00fckleriyle birlikte tamamen yok ettiklerini ifade etti.<\/p>\n<p><span style=\"color: #0000ff\">HOMS:<\/span><\/p>\n<p>Homs k\u0131rsal\u0131nda ise Kaide \u00d6rg\u00fct\u00fcn\u00fcn Suriye kolu Nusra Cephesine tabi toplanma yerleri ve mevkilerini hedef alan hava g\u00fc\u00e7lerimiz; \u011eanto K\u00f6y\u00fcnde \u00e7ok say\u0131da ter\u00f6risti \u00f6l\u00fc ve yaral\u0131 d\u00fc\u015f\u00fcr\u00fcp bir silah deposunu muhtevalar\u0131yla birlikte imha etmelerine ek olarak Zafarane K\u00f6y\u00fcnde bir yak\u0131t deposunu tamamen yok etti.<\/p>\n<p>Ak\u015fam saatlerinde a\u00e7\u0131klama yapan askeri bir kaynak; hava g\u00fc\u00e7lerimizin Homs k\u0131rsal\u0131n\u0131n kuzeyi Hav\u015f el Zavahera B\u00f6lgesinde Nusra Cephesinin bir silah ve m\u00fchimmat deposunu imha ettiklerini belirtti.<\/p>\n<p><span style=\"color: #0000ff\">DEYREZZOR:<\/span><\/p>\n<p>\u00d6te yandan saha kaynaklar\u0131 SANA&#8217;ya a\u00e7\u0131klamalar\u0131nda; hava g\u00fc\u00e7lerimizin I\u015e\u0130D&#8217;e ait siper ve mevkileri yo\u011fun ate\u015fe tutmalar\u0131yla ter\u00f6rist ve cephane ta\u015f\u0131yan 5 arac\u0131 y\u00fckleriyle birlikte tamamen yok ettiklerini aktard\u0131.<\/p>\n<p>R.H.<\/p>\n","protected":false},"excerpt":{"rendered":"<p>\u0130LLER\u00a0\u2013 Ordu birliklerimiz radikal ter\u00f6ristlerin sald\u0131r\u0131lar\u0131n\u0131 \u00e7\u00f6kertmelerinin yan\u0131 s\u0131ra muhtelif b\u00f6lgelerde karargah ve hareketlenmelerini de hedef alarak onlarcas\u0131n\u0131 ara\u00e7lar\u0131yla etkisiz hale getirdiler. Bu arada askeri kaynak SANA\u2019ya a\u00e7\u0131klamas\u0131nda hava g\u00fc\u00e7lerimizin son 24 saat i\u00e7inde Halep, \u0130dlib, Hama, Homs ve Deyrezzor k\u0131rsallar\u0131nda \u00e7okuluslu ve radikal ter\u00f6r \u00f6rg\u00fctlere kar\u015f\u0131 46\u2019s\u0131 sava\u015f u\u00e7aklar\u0131, 26\u2019s\u0131 da helikopterlerle olmak \u00fczere &hellip;<\/p>\n","protected":false},"author":1,"featured_media":55494,"comment_status":"closed","ping_status":"closed","sticky":false,"template":"","format":"standard","meta":{"footnotes":""},"categories":[575,17988],"tags":[],"class_list":["post-84367","post","type-post","status-publish","format-standard","has-post-thumbnail","","category-olaylar-ve-gercekler","category-son-haberler"],"_links":{"self":[{"href":"https:\/\/archive.sana.sy\/tr\/index.php?rest_route=\/wp\/v2\/posts\/84367","targetHints":{"allow":["GET"]}}],"collection":[{"href":"https:\/\/archive.sana.sy\/tr\/index.php?rest_route=\/wp\/v2\/posts"}],"about":[{"href":"https:\/\/archive.sana.sy\/tr\/index.php?rest_route=\/wp\/v2\/types\/post"}],"author":[{"embeddable":true,"href":"https:\/\/archive.sana.sy\/tr\/index.php?rest_route=\/wp\/v2\/users\/1"}],"replies":[{"embeddable":true,"href":"https:\/\/archive.sana.sy\/tr\/index.php?rest_route=%2Fwp%2Fv2%2Fcomments&post=84367"}],"version-history":[{"count":0,"href":"https:\/\/archive.sana.sy\/tr\/index.php?rest_route=\/wp\/v2\/posts\/84367\/revisions"}],"wp:featuredmedia":[{"embeddable":true,"href":"https:\/\/archive.sana.sy\/tr\/index.php?rest_route=\/wp\/v2\/media\/55494"}],"wp:attachment":[{"href":"https:\/\/archive.sana.sy\/tr\/index.php?rest_route=%2Fwp%2Fv2%2Fmedia&parent=84367"}],"wp:term":[{"taxonomy":"category","embeddable":true,"href":"https:\/\/archive.sana.sy\/tr\/index.php?rest_route=%2Fwp%2Fv2%2Fcategories&post=84367"},{"taxonomy":"post_tag","embeddable":true,"href":"https:\/\/archive.sana.sy\/tr\/index.php?rest_route=%2Fwp%2Fv2%2Ftags&post=84367"}],"curies":[{"name":"wp","href":"https:\/\/api.w.org\/{rel}","templated":true}]}}