{"id":84381,"date":"2016-08-20T17:51:50","date_gmt":"2016-08-20T14:51:50","guid":{"rendered":"http:\/\/www.sana.sy\/tr\/?p=84381"},"modified":"2016-08-21T16:10:18","modified_gmt":"2016-08-21T13:10:18","slug":"karma-komite-ve-anlasmalar-etkinlestiriliyor","status":"publish","type":"post","link":"https:\/\/archive.sana.sy\/tr\/?p=84381","title":{"rendered":"Karma Komite ve Anla\u015fmalar Etkinle\u015ftiriliyor"},"content":{"rendered":"<p>\u015eAM \u2013 Ba\u015fbakan \u0130mad Hamis Hindistan D\u0131\u015f \u0130li\u015fkilerden Sorumlu Devlet Bakan\u0131 M\u00fcb\u015fir Cavit Ekber ile iki \u00fclke aras\u0131ndaki ekonomik anla\u015fmalar ve muhtelif alanlardaki i\u015fbirli\u011fini canland\u0131rma ama\u00e7l\u0131 olarak Suriye \u2013 Hindistan Karma Komitesinin etkinle\u015ftirme olanaklar\u0131n\u0131 masaya yat\u0131rd\u0131.<\/p>\n<p><a href=\"http:\/\/www.sana.sy\/tr\/wp-content\/uploads\/2016\/08\/2-58.jpg\"><img loading=\"lazy\" decoding=\"async\" class=\"alignright wp-image-84385 size-medium\" src=\"http:\/\/www.sana.sy\/tr\/wp-content\/uploads\/2016\/08\/2-58-300x198.jpg\" alt=\"2\" width=\"300\" height=\"198\" srcset=\"https:\/\/archive.sana.sy\/tr\/wp-content\/uploads\/2016\/08\/2-58-300x198.jpg 300w, https:\/\/archive.sana.sy\/tr\/wp-content\/uploads\/2016\/08\/2-58-150x99.jpg 150w, https:\/\/archive.sana.sy\/tr\/wp-content\/uploads\/2016\/08\/2-58-768x506.jpg 768w, https:\/\/archive.sana.sy\/tr\/wp-content\/uploads\/2016\/08\/2-58-1024x674.jpg 1024w, https:\/\/archive.sana.sy\/tr\/wp-content\/uploads\/2016\/08\/2-58-310x205.jpg 310w\" sizes=\"auto, (max-width: 300px) 100vw, 300px\" \/><\/a>Ba\u015fbakan Hamis t\u00fcm d\u00fcnya ve halklar\u0131na kar\u015f\u0131 en b\u00fcy\u00fck tehdidi te\u015fkil eden ter\u00f6re kar\u015f\u0131 uluslar aras\u0131 \u00e7abalar\u0131 yo\u011funla\u015ft\u0131rma gere\u011fini ifade ederken Hindistan\u2019\u0131n ter\u00f6re kar\u015f\u0131 m\u00fccadelesinde Suriye&#8217;ye verdi\u011fi deste\u011fi \u00f6vd\u00fc.<\/p>\n<p>Hindistanl\u0131 konuk bakan ise \u00fclkesinin Suriye&#8217;de krizin sona ermesi ve istikrar\u0131n yeniden sa\u011flanmas\u0131na \u00f6zenini vurgularken Suriye ve Hindistan aras\u0131ndaki ili\u015fkilerin dostluk ve i\u015fbirli\u011fine dayal\u0131 oldu\u011funu s\u00f6yledi.<\/p>\n","protected":false},"excerpt":{"rendered":"<p>\u015eAM \u2013 Ba\u015fbakan \u0130mad Hamis Hindistan D\u0131\u015f \u0130li\u015fkilerden Sorumlu Devlet Bakan\u0131 M\u00fcb\u015fir Cavit Ekber ile iki \u00fclke aras\u0131ndaki ekonomik anla\u015fmalar ve muhtelif alanlardaki i\u015fbirli\u011fini canland\u0131rma ama\u00e7l\u0131 olarak Suriye \u2013 Hindistan Karma Komitesinin etkinle\u015ftirme olanaklar\u0131n\u0131 masaya yat\u0131rd\u0131. Ba\u015fbakan Hamis t\u00fcm d\u00fcnya ve halklar\u0131na kar\u015f\u0131 en b\u00fcy\u00fck tehdidi te\u015fkil eden ter\u00f6re kar\u015f\u0131 uluslar aras\u0131 \u00e7abalar\u0131 yo\u011funla\u015ft\u0131rma gere\u011fini &hellip;<\/p>\n","protected":false},"author":1,"featured_media":84384,"comment_status":"closed","ping_status":"closed","sticky":false,"template":"","format":"standard","meta":{"footnotes":""},"categories":[479,17988,478],"tags":[23320,23319],"class_list":["post-84381","post","type-post","status-publish","format-standard","has-post-thumbnail","","category-haberler-yerel","category-son-haberler","category-yerel","tag-basbakan-imad-hamis-hindistan-dis-iliskilerden-sorumlu-devlet-bakani-mubsir-cavit-ekber","tag-karma-komite-ve-anlasmalar-etkinlestiriliyor"],"_links":{"self":[{"href":"https:\/\/archive.sana.sy\/tr\/index.php?rest_route=\/wp\/v2\/posts\/84381","targetHints":{"allow":["GET"]}}],"collection":[{"href":"https:\/\/archive.sana.sy\/tr\/index.php?rest_route=\/wp\/v2\/posts"}],"about":[{"href":"https:\/\/archive.sana.sy\/tr\/index.php?rest_route=\/wp\/v2\/types\/post"}],"author":[{"embeddable":true,"href":"https:\/\/archive.sana.sy\/tr\/index.php?rest_route=\/wp\/v2\/users\/1"}],"replies":[{"embeddable":true,"href":"https:\/\/archive.sana.sy\/tr\/index.php?rest_route=%2Fwp%2Fv2%2Fcomments&post=84381"}],"version-history":[{"count":0,"href":"https:\/\/archive.sana.sy\/tr\/index.php?rest_route=\/wp\/v2\/posts\/84381\/revisions"}],"wp:featuredmedia":[{"embeddable":true,"href":"https:\/\/archive.sana.sy\/tr\/index.php?rest_route=\/wp\/v2\/media\/84384"}],"wp:attachment":[{"href":"https:\/\/archive.sana.sy\/tr\/index.php?rest_route=%2Fwp%2Fv2%2Fmedia&parent=84381"}],"wp:term":[{"taxonomy":"category","embeddable":true,"href":"https:\/\/archive.sana.sy\/tr\/index.php?rest_route=%2Fwp%2Fv2%2Fcategories&post=84381"},{"taxonomy":"post_tag","embeddable":true,"href":"https:\/\/archive.sana.sy\/tr\/index.php?rest_route=%2Fwp%2Fv2%2Ftags&post=84381"}],"curies":[{"name":"wp","href":"https:\/\/api.w.org\/{rel}","templated":true}]}}