{"id":84387,"date":"2016-08-20T17:59:54","date_gmt":"2016-08-20T14:59:54","guid":{"rendered":"http:\/\/www.sana.sy\/tr\/?p=84387"},"modified":"2016-08-20T17:59:54","modified_gmt":"2016-08-20T14:59:54","slug":"askeri-kaynak-sanaya-aciklamasinda-hava-guclerimizin-son-24-saat-icinde-halep-idlib-hama-homs-ve-deyrezzor-kirsallarinda-cokuluslu-ve-radikal-teror-orgutlere-karsi-46si-savas-ucak","status":"publish","type":"post","link":"https:\/\/archive.sana.sy\/tr\/?p=84387","title":{"rendered":"Askeri kaynak SANA\u2019ya a\u00e7\u0131klamas\u0131nda hava g\u00fc\u00e7lerimizin son 24 saat i\u00e7inde Halep, \u0130dlib, Hama, Homs ve Deyrezzor k\u0131rsallar\u0131nda \u00e7okuluslu ve radikal ter\u00f6r \u00f6rg\u00fctlere kar\u015f\u0131 46\u2019s\u0131 sava\u015f u\u00e7aklar\u0131, 26\u2019s\u0131 da helikopterlerle olmak \u00fczere toplam 72 hava operasyonu ger\u00e7ekle\u015ftirdiklerini belirtti"},"content":{"rendered":"<p>Askeri kaynak SANA\u2019ya a\u00e7\u0131klamas\u0131nda hava g\u00fc\u00e7lerimizin son 24 saat i\u00e7inde Halep, \u0130dlib, Hama, Homs ve Deyrezzor k\u0131rsallar\u0131nda \u00e7okuluslu ve radikal ter\u00f6r \u00f6rg\u00fctlere kar\u015f\u0131 46\u2019s\u0131 sava\u015f u\u00e7aklar\u0131, 26\u2019s\u0131 da helikopterlerle olmak \u00fczere toplam 72 hava operasyonu ger\u00e7ekle\u015ftirdiklerini belirtti<\/p>\n","protected":false},"excerpt":{"rendered":"<p>Askeri kaynak SANA\u2019ya a\u00e7\u0131klamas\u0131nda hava g\u00fc\u00e7lerimizin son 24 saat i\u00e7inde Halep, \u0130dlib, Hama, Homs ve Deyrezzor k\u0131rsallar\u0131nda \u00e7okuluslu ve radikal ter\u00f6r \u00f6rg\u00fctlere kar\u015f\u0131 46\u2019s\u0131 sava\u015f u\u00e7aklar\u0131, 26\u2019s\u0131 da helikopterlerle olmak \u00fczere toplam 72 hava operasyonu ger\u00e7ekle\u015ftirdiklerini belirtti<\/p>\n","protected":false},"author":1,"featured_media":0,"comment_status":"closed","ping_status":"closed","sticky":false,"template":"","format":"standard","meta":{"footnotes":""},"categories":[17991],"tags":[],"class_list":["post-84387","post","type-post","status-publish","format-standard","","category-son-dakika"],"_links":{"self":[{"href":"https:\/\/archive.sana.sy\/tr\/index.php?rest_route=\/wp\/v2\/posts\/84387","targetHints":{"allow":["GET"]}}],"collection":[{"href":"https:\/\/archive.sana.sy\/tr\/index.php?rest_route=\/wp\/v2\/posts"}],"about":[{"href":"https:\/\/archive.sana.sy\/tr\/index.php?rest_route=\/wp\/v2\/types\/post"}],"author":[{"embeddable":true,"href":"https:\/\/archive.sana.sy\/tr\/index.php?rest_route=\/wp\/v2\/users\/1"}],"replies":[{"embeddable":true,"href":"https:\/\/archive.sana.sy\/tr\/index.php?rest_route=%2Fwp%2Fv2%2Fcomments&post=84387"}],"version-history":[{"count":0,"href":"https:\/\/archive.sana.sy\/tr\/index.php?rest_route=\/wp\/v2\/posts\/84387\/revisions"}],"wp:attachment":[{"href":"https:\/\/archive.sana.sy\/tr\/index.php?rest_route=%2Fwp%2Fv2%2Fmedia&parent=84387"}],"wp:term":[{"taxonomy":"category","embeddable":true,"href":"https:\/\/archive.sana.sy\/tr\/index.php?rest_route=%2Fwp%2Fv2%2Fcategories&post=84387"},{"taxonomy":"post_tag","embeddable":true,"href":"https:\/\/archive.sana.sy\/tr\/index.php?rest_route=%2Fwp%2Fv2%2Ftags&post=84387"}],"curies":[{"name":"wp","href":"https:\/\/api.w.org\/{rel}","templated":true}]}}