{"id":84391,"date":"2016-08-20T18:06:26","date_gmt":"2016-08-20T15:06:26","guid":{"rendered":"http:\/\/www.sana.sy\/tr\/?p=84391"},"modified":"2016-08-20T18:02:58","modified_gmt":"2016-08-20T15:02:58","slug":"halepte-askeri-akademiler-civarinda-gerceklestirilen-hava-operasyonlarinda-agir-silahlarla-donatilmis-4-aracin-imha-edildigini-belirten-kaynak-sehy-sait-bolgesinde-de-nusra-cephesinin-bir-ko","status":"publish","type":"post","link":"https:\/\/archive.sana.sy\/tr\/?p=84391","title":{"rendered":"Halep\u2019te askeri akademiler civar\u0131nda ger\u00e7ekle\u015ftirilen hava operasyonlar\u0131nda a\u011f\u0131r silahlarla donat\u0131lm\u0131\u015f 4 arac\u0131n imha edildi\u011fini belirten kaynak; \u015eehy Sait B\u00f6lgesinde de Nusra Cephesinin bir komuta karargah\u0131n\u0131n muhtevalar\u0131yla imha edildi\u011fini s\u00f6yledi"},"content":{"rendered":"<p>Halep\u2019te askeri akademiler civar\u0131nda ger\u00e7ekle\u015ftirilen hava operasyonlar\u0131nda a\u011f\u0131r silahlarla donat\u0131lm\u0131\u015f 4 arac\u0131n imha edildi\u011fini belirten kaynak; \u015eehy Sait B\u00f6lgesinde de Nusra Cephesinin bir komuta karargah\u0131n\u0131n muhtevalar\u0131yla imha edildi\u011fini s\u00f6yledi<\/p>\n","protected":false},"excerpt":{"rendered":"<p>Halep\u2019te askeri akademiler civar\u0131nda ger\u00e7ekle\u015ftirilen hava operasyonlar\u0131nda a\u011f\u0131r silahlarla donat\u0131lm\u0131\u015f 4 arac\u0131n imha edildi\u011fini belirten kaynak; \u015eehy Sait B\u00f6lgesinde de Nusra Cephesinin bir komuta karargah\u0131n\u0131n muhtevalar\u0131yla imha edildi\u011fini s\u00f6yledi<\/p>\n","protected":false},"author":1,"featured_media":0,"comment_status":"closed","ping_status":"closed","sticky":false,"template":"","format":"standard","meta":{"footnotes":""},"categories":[17991],"tags":[],"class_list":["post-84391","post","type-post","status-publish","format-standard","","category-son-dakika"],"_links":{"self":[{"href":"https:\/\/archive.sana.sy\/tr\/index.php?rest_route=\/wp\/v2\/posts\/84391","targetHints":{"allow":["GET"]}}],"collection":[{"href":"https:\/\/archive.sana.sy\/tr\/index.php?rest_route=\/wp\/v2\/posts"}],"about":[{"href":"https:\/\/archive.sana.sy\/tr\/index.php?rest_route=\/wp\/v2\/types\/post"}],"author":[{"embeddable":true,"href":"https:\/\/archive.sana.sy\/tr\/index.php?rest_route=\/wp\/v2\/users\/1"}],"replies":[{"embeddable":true,"href":"https:\/\/archive.sana.sy\/tr\/index.php?rest_route=%2Fwp%2Fv2%2Fcomments&post=84391"}],"version-history":[{"count":0,"href":"https:\/\/archive.sana.sy\/tr\/index.php?rest_route=\/wp\/v2\/posts\/84391\/revisions"}],"wp:attachment":[{"href":"https:\/\/archive.sana.sy\/tr\/index.php?rest_route=%2Fwp%2Fv2%2Fmedia&parent=84391"}],"wp:term":[{"taxonomy":"category","embeddable":true,"href":"https:\/\/archive.sana.sy\/tr\/index.php?rest_route=%2Fwp%2Fv2%2Fcategories&post=84391"},{"taxonomy":"post_tag","embeddable":true,"href":"https:\/\/archive.sana.sy\/tr\/index.php?rest_route=%2Fwp%2Fv2%2Ftags&post=84391"}],"curies":[{"name":"wp","href":"https:\/\/api.w.org\/{rel}","templated":true}]}}