{"id":84396,"date":"2016-08-20T18:07:10","date_gmt":"2016-08-20T15:07:10","guid":{"rendered":"http:\/\/www.sana.sy\/tr\/?p=84396"},"modified":"2016-08-20T18:07:10","modified_gmt":"2016-08-20T15:07:10","slug":"kaynak-deyr-hafir-hmeymiye-resm-el-kema-hermel-ve-tel-bican-bolgelerinde-teror-mevkileri-ve-hareket-eksenlerini-hedef-alan-operasyonlarda-ise-aralarinda-yabanci-ve-saha-komutanlarinin-bulundugu-onl","status":"publish","type":"post","link":"https:\/\/archive.sana.sy\/tr\/?p=84396","title":{"rendered":"Kaynak Deyr Hafir, Hmeymiye, Resm el Kema, Hermel ve Tel Bican b\u00f6lgelerinde ter\u00f6r mevkileri ve hareket eksenlerini hedef alan operasyonlarda ise aralar\u0131nda yabanc\u0131 ve saha komutanlar\u0131n\u0131n bulundu\u011fu onlarca ter\u00f6ristin \u00f6ld\u00fcr\u00fcld\u00fc\u011f\u00fcn\u00fc aktard\u0131"},"content":{"rendered":"<p>Kaynak Deyr Hafir, Hmeymiye, Resm el Kema, Hermel ve Tel Bican b\u00f6lgelerinde ter\u00f6r mevkileri ve hareket eksenlerini hedef alan operasyonlarda ise aralar\u0131nda yabanc\u0131 ve saha komutanlar\u0131n\u0131n bulundu\u011fu onlarca ter\u00f6ristin \u00f6ld\u00fcr\u00fcld\u00fc\u011f\u00fcn\u00fc aktard\u0131<\/p>\n","protected":false},"excerpt":{"rendered":"<p>Kaynak Deyr Hafir, Hmeymiye, Resm el Kema, Hermel ve Tel Bican b\u00f6lgelerinde ter\u00f6r mevkileri ve hareket eksenlerini hedef alan operasyonlarda ise aralar\u0131nda yabanc\u0131 ve saha komutanlar\u0131n\u0131n bulundu\u011fu onlarca ter\u00f6ristin \u00f6ld\u00fcr\u00fcld\u00fc\u011f\u00fcn\u00fc aktard\u0131<\/p>\n","protected":false},"author":1,"featured_media":0,"comment_status":"closed","ping_status":"closed","sticky":false,"template":"","format":"standard","meta":{"footnotes":""},"categories":[17991],"tags":[],"class_list":["post-84396","post","type-post","status-publish","format-standard","","category-son-dakika"],"_links":{"self":[{"href":"https:\/\/archive.sana.sy\/tr\/index.php?rest_route=\/wp\/v2\/posts\/84396","targetHints":{"allow":["GET"]}}],"collection":[{"href":"https:\/\/archive.sana.sy\/tr\/index.php?rest_route=\/wp\/v2\/posts"}],"about":[{"href":"https:\/\/archive.sana.sy\/tr\/index.php?rest_route=\/wp\/v2\/types\/post"}],"author":[{"embeddable":true,"href":"https:\/\/archive.sana.sy\/tr\/index.php?rest_route=\/wp\/v2\/users\/1"}],"replies":[{"embeddable":true,"href":"https:\/\/archive.sana.sy\/tr\/index.php?rest_route=%2Fwp%2Fv2%2Fcomments&post=84396"}],"version-history":[{"count":0,"href":"https:\/\/archive.sana.sy\/tr\/index.php?rest_route=\/wp\/v2\/posts\/84396\/revisions"}],"wp:attachment":[{"href":"https:\/\/archive.sana.sy\/tr\/index.php?rest_route=%2Fwp%2Fv2%2Fmedia&parent=84396"}],"wp:term":[{"taxonomy":"category","embeddable":true,"href":"https:\/\/archive.sana.sy\/tr\/index.php?rest_route=%2Fwp%2Fv2%2Fcategories&post=84396"},{"taxonomy":"post_tag","embeddable":true,"href":"https:\/\/archive.sana.sy\/tr\/index.php?rest_route=%2Fwp%2Fv2%2Ftags&post=84396"}],"curies":[{"name":"wp","href":"https:\/\/api.w.org\/{rel}","templated":true}]}}