{"id":84462,"date":"2016-08-21T15:12:10","date_gmt":"2016-08-21T12:12:10","guid":{"rendered":"http:\/\/www.sana.sy\/tr\/?p=84462"},"modified":"2016-08-22T09:41:18","modified_gmt":"2016-08-22T06:41:18","slug":"fuze-saldirilarinda-yine-siviller-isabet-aldi","status":"publish","type":"post","link":"https:\/\/archive.sana.sy\/tr\/?p=84462","title":{"rendered":"F\u00fcze Sald\u0131r\u0131lar\u0131nda Yine Siviller \u0130sabet Ald\u0131"},"content":{"rendered":"<p>\u0130LLER\u00a0\u2013 Muhtelif isimler alt\u0131nda faaliyet g\u00f6steren ter\u00f6r \u00f6rg\u00fctleri sivil b\u00f6lgelere havan ve f\u00fcze sald\u0131r\u0131lar\u0131n\u0131 s\u00fcrd\u00fcr\u00fcrlerken bug\u00fcn yine bu sald\u0131r\u0131larda masum siviller kurban d\u00fc\u015ft\u00fc.<\/p>\n<p><span style=\"color: #0000ff\">DERA:<\/span><\/p>\n<p>Dera Valili\u011finde yetkili bir kaynak SANA\u2019ya a\u00e7\u0131klamas\u0131nda Busra el Harir Kasabas\u0131nda siperlenen ter\u00f6ristlerin bug\u00fcn Ezra Kasabas\u0131n\u0131n eski semtlerine f\u00fczelerle sald\u0131rd\u0131klar\u0131n\u0131 s\u00f6yledi.<\/p>\n<p>Kaynak sald\u0131r\u0131larda bir k\u0131s\u0131m vatanda\u015flar\u0131n isabet ald\u0131\u011f\u0131n\u0131, \u00f6zel ve kamu m\u00fclklerde maddi hasar\u0131n olu\u015ftu\u011funu aktard\u0131.<\/p>\n<p>Dera \u0130l Sa\u011fl\u0131k M\u00fcd\u00fcr\u00fc Abd\u00fclved\u00fcd el Homsi ter\u00f6r sald\u0131r\u0131lar\u0131 sonucunda yaralanan 3 vatanda\u015f\u0131n Ezra Devlet Hastanesine kald\u0131r\u0131ld\u0131klar\u0131n\u0131 belirtti.<\/p>\n<p><span style=\"color: #0000ff\">\u015eAM:<\/span><\/p>\n<p>\u015eam Emniyet M\u00fcd\u00fcrl\u00fc\u011f\u00fcnde bir kaynak ise Do\u011fu \u011euta\u2019da bulunan ve Al Suud rejimine hizmet eden \u2018\u0130slam Ordusu\u2019 adl\u0131 radikal ter\u00f6ristlerin \u015eam\u2019\u0131n Sebi Bahrat ve Sanayi semtlerini patlay\u0131c\u0131 mermilerle hedef ald\u0131klar\u0131n\u0131 belirtti.<\/p>\n<p>Ter\u00f6r sald\u0131r\u0131lar\u0131nda 3 vatanda\u015f\u0131n yaraland\u0131\u011f\u0131n\u0131 aktaran kaynak; \u00f6zel ve kamu m\u00fclklerde hasar\u0131n olu\u015ftu\u011funu s\u00f6zlerine ekledi.<\/p>\n<p><span style=\"color: #0000ff\">HALEP:<\/span><\/p>\n<p>\u00d6te yandan Halep Emniyet M\u00fcd\u00fcrl\u00fc\u011f\u00fcnde yetkili bir kaynak; ter\u00f6rist gruplar\u0131n f\u0131rlatt\u0131klar\u0131 bir f\u00fczenin Halep Kentinin Sadullah el Caberi Meydan\u0131 civar\u0131na d\u00fc\u015fmesi sonucunda 2 vatanda\u015f\u0131n yaraland\u0131\u011f\u0131n\u0131; \u00f6zel ve kamu m\u00fclklerde b\u00fcy\u00fck maddi hasar\u0131n olu\u015ftu\u011funu belirtti.<\/p>\n","protected":false},"excerpt":{"rendered":"<p>\u0130LLER\u00a0\u2013 Muhtelif isimler alt\u0131nda faaliyet g\u00f6steren ter\u00f6r \u00f6rg\u00fctleri sivil b\u00f6lgelere havan ve f\u00fcze sald\u0131r\u0131lar\u0131n\u0131 s\u00fcrd\u00fcr\u00fcrlerken bug\u00fcn yine bu sald\u0131r\u0131larda masum siviller kurban d\u00fc\u015ft\u00fc. DERA: Dera Valili\u011finde yetkili bir kaynak SANA\u2019ya a\u00e7\u0131klamas\u0131nda Busra el Harir Kasabas\u0131nda siperlenen ter\u00f6ristlerin bug\u00fcn Ezra Kasabas\u0131n\u0131n eski semtlerine f\u00fczelerle sald\u0131rd\u0131klar\u0131n\u0131 s\u00f6yledi. Kaynak sald\u0131r\u0131larda bir k\u0131s\u0131m vatanda\u015flar\u0131n isabet ald\u0131\u011f\u0131n\u0131, \u00f6zel ve kamu &hellip;<\/p>\n","protected":false},"author":1,"featured_media":84465,"comment_status":"closed","ping_status":"closed","sticky":false,"template":"","format":"standard","meta":{"footnotes":""},"categories":[479,575,17988,478],"tags":[23332],"class_list":["post-84462","post","type-post","status-publish","format-standard","has-post-thumbnail","","category-haberler-yerel","category-olaylar-ve-gercekler","category-son-haberler","category-yerel","tag-fuze-saldirilarinda-yine-siviller-isabet-aldi"],"_links":{"self":[{"href":"https:\/\/archive.sana.sy\/tr\/index.php?rest_route=\/wp\/v2\/posts\/84462","targetHints":{"allow":["GET"]}}],"collection":[{"href":"https:\/\/archive.sana.sy\/tr\/index.php?rest_route=\/wp\/v2\/posts"}],"about":[{"href":"https:\/\/archive.sana.sy\/tr\/index.php?rest_route=\/wp\/v2\/types\/post"}],"author":[{"embeddable":true,"href":"https:\/\/archive.sana.sy\/tr\/index.php?rest_route=\/wp\/v2\/users\/1"}],"replies":[{"embeddable":true,"href":"https:\/\/archive.sana.sy\/tr\/index.php?rest_route=%2Fwp%2Fv2%2Fcomments&post=84462"}],"version-history":[{"count":0,"href":"https:\/\/archive.sana.sy\/tr\/index.php?rest_route=\/wp\/v2\/posts\/84462\/revisions"}],"wp:featuredmedia":[{"embeddable":true,"href":"https:\/\/archive.sana.sy\/tr\/index.php?rest_route=\/wp\/v2\/media\/84465"}],"wp:attachment":[{"href":"https:\/\/archive.sana.sy\/tr\/index.php?rest_route=%2Fwp%2Fv2%2Fmedia&parent=84462"}],"wp:term":[{"taxonomy":"category","embeddable":true,"href":"https:\/\/archive.sana.sy\/tr\/index.php?rest_route=%2Fwp%2Fv2%2Fcategories&post=84462"},{"taxonomy":"post_tag","embeddable":true,"href":"https:\/\/archive.sana.sy\/tr\/index.php?rest_route=%2Fwp%2Fv2%2Ftags&post=84462"}],"curies":[{"name":"wp","href":"https:\/\/api.w.org\/{rel}","templated":true}]}}