{"id":84469,"date":"2016-08-21T14:38:54","date_gmt":"2016-08-21T11:38:54","guid":{"rendered":"http:\/\/www.sana.sy\/tr\/?p=84469"},"modified":"2016-08-22T09:41:09","modified_gmt":"2016-08-22T06:41:09","slug":"muzelere-donusturulen-tarihi-evler-buyuk-hasar-gordu","status":"publish","type":"post","link":"https:\/\/archive.sana.sy\/tr\/?p=84469","title":{"rendered":"M\u00fczelere D\u00f6n\u00fc\u015ft\u00fcr\u00fclen Tarihi Evler B\u00fcy\u00fck Hasar G\u00f6rd\u00fc"},"content":{"rendered":"<p>HALEP \u2013 D\u0131\u015f g\u00fc\u00e7lerin edat olarak kulland\u0131klar\u0131 ter\u00f6ristlerin Halep\u2019te bulunduklar\u0131 sald\u0131r\u0131lar sonucunda tarihi evlerde b\u00fcy\u00fck hasar meydana geldi.<\/p>\n<p><a href=\"http:\/\/www.sana.sy\/tr\/wp-content\/uploads\/2016\/08\/Halep-1-2.jpg\"><img loading=\"lazy\" decoding=\"async\" class=\"alignright wp-image-84496 size-medium\" src=\"http:\/\/www.sana.sy\/tr\/wp-content\/uploads\/2016\/08\/Halep-1-2-300x225.jpg\" alt=\"Halep 1\" width=\"300\" height=\"225\" srcset=\"https:\/\/archive.sana.sy\/tr\/wp-content\/uploads\/2016\/08\/Halep-1-2-300x225.jpg 300w, https:\/\/archive.sana.sy\/tr\/wp-content\/uploads\/2016\/08\/Halep-1-2-150x113.jpg 150w, https:\/\/archive.sana.sy\/tr\/wp-content\/uploads\/2016\/08\/Halep-1-2-768x576.jpg 768w, https:\/\/archive.sana.sy\/tr\/wp-content\/uploads\/2016\/08\/Halep-1-2-1024x768.jpg 1024w, https:\/\/archive.sana.sy\/tr\/wp-content\/uploads\/2016\/08\/Halep-1-2.jpg 1280w\" sizes=\"auto, (max-width: 300px) 100vw, 300px\" \/><\/a>Arkeoloji ve M\u00fczeler \u0130l M\u00fcd\u00fcr\u00fc Halit Masri SANA\u2019ya a\u00e7\u0131klamas\u0131nda; Halep Kentinin eski semtleri civar\u0131nda yer alan Cdeyda B\u00f6lgesindeki Gazele ve A\u00e7\u0131kba\u015f tarihi evlerin ter\u00f6r sald\u0131r\u0131lar\u0131 sonucunda ciddi hasar ald\u0131klar\u0131n\u0131 belirtti. Masri m\u00fcd\u00fcrl\u00fckten bir ekibin s\u00f6z konusu iki tarihi eve ula\u015fma ve g\u00f6rd\u00fckleri hasar\u0131 a\u015famal\u0131 bir \u015fekilde belgeleme olana\u011f\u0131 yakalad\u0131klar\u0131n\u0131 kaydetti.<\/p>\n<p>\u0130ki tarihi evin nadir \u00f6zelliklere sahip olduklar\u0131na dikkat \u00e7eken Masri; eli kanl\u0131 ter\u00f6ristlerin tarihi eserlere kin kustuklar\u0131n\u0131 s\u00f6yledi.<\/p>\n<p>17. y\u00fczy\u0131ldan kalma Gazale Evi 2007 \u2013 2010 tarihleri aras\u0131nda restore edilip Halep Haf\u0131zas\u0131 M\u00fczesine d\u00f6n\u00fc\u015ft\u00fcr\u00fclm\u00fc\u015ft\u00fc. A\u00e7\u0131kba\u015f Evi ise 18. Y\u00fczy\u0131ldan kalm\u0131\u015f olup 1981 y\u0131l\u0131nda geleneksel halk m\u00fczesine d\u00f6n\u00fc\u015ft\u00fcr\u00fclm\u00fc\u015ft\u00fc.<\/p>\n<div id='gallery-1' class='gallery galleryid-84469 gallery-columns-3 gallery-size-thumbnail'><figure class='gallery-item'>\n\t\t\t<div class='gallery-icon landscape'>\n\t\t\t\t<a href='https:\/\/archive.sana.sy\/tr\/wp-content\/uploads\/2016\/08\/Halep-3-1.jpg'><img loading=\"lazy\" decoding=\"async\" width=\"150\" height=\"113\" src=\"https:\/\/archive.sana.sy\/tr\/wp-content\/uploads\/2016\/08\/Halep-3-1-150x113.jpg\" class=\"attachment-thumbnail size-thumbnail\" alt=\"\" srcset=\"https:\/\/archive.sana.sy\/tr\/wp-content\/uploads\/2016\/08\/Halep-3-1-150x113.jpg 150w, https:\/\/archive.sana.sy\/tr\/wp-content\/uploads\/2016\/08\/Halep-3-1-300x225.jpg 300w, https:\/\/archive.sana.sy\/tr\/wp-content\/uploads\/2016\/08\/Halep-3-1-768x576.jpg 768w, https:\/\/archive.sana.sy\/tr\/wp-content\/uploads\/2016\/08\/Halep-3-1-1024x768.jpg 1024w, https:\/\/archive.sana.sy\/tr\/wp-content\/uploads\/2016\/08\/Halep-3-1.jpg 1280w\" sizes=\"auto, (max-width: 150px) 100vw, 150px\" \/><\/a>\n\t\t\t<\/div><\/figure><figure class='gallery-item'>\n\t\t\t<div class='gallery-icon landscape'>\n\t\t\t\t<a href='https:\/\/archive.sana.sy\/tr\/wp-content\/uploads\/2016\/08\/Halep-4.jpg'><img loading=\"lazy\" decoding=\"async\" width=\"150\" height=\"113\" src=\"https:\/\/archive.sana.sy\/tr\/wp-content\/uploads\/2016\/08\/Halep-4-150x113.jpg\" class=\"attachment-thumbnail size-thumbnail\" alt=\"\" srcset=\"https:\/\/archive.sana.sy\/tr\/wp-content\/uploads\/2016\/08\/Halep-4-150x113.jpg 150w, https:\/\/archive.sana.sy\/tr\/wp-content\/uploads\/2016\/08\/Halep-4-300x225.jpg 300w, https:\/\/archive.sana.sy\/tr\/wp-content\/uploads\/2016\/08\/Halep-4-768x576.jpg 768w, https:\/\/archive.sana.sy\/tr\/wp-content\/uploads\/2016\/08\/Halep-4-1024x768.jpg 1024w, https:\/\/archive.sana.sy\/tr\/wp-content\/uploads\/2016\/08\/Halep-4.jpg 1280w\" sizes=\"auto, (max-width: 150px) 100vw, 150px\" \/><\/a>\n\t\t\t<\/div><\/figure><figure class='gallery-item'>\n\t\t\t<div class='gallery-icon landscape'>\n\t\t\t\t<a href='https:\/\/archive.sana.sy\/tr\/wp-content\/uploads\/2016\/08\/Halep-3.jpg'><img loading=\"lazy\" decoding=\"async\" width=\"150\" height=\"75\" src=\"https:\/\/archive.sana.sy\/tr\/wp-content\/uploads\/2016\/08\/Halep-3-150x75.jpg\" class=\"attachment-thumbnail size-thumbnail\" alt=\"\" srcset=\"https:\/\/archive.sana.sy\/tr\/wp-content\/uploads\/2016\/08\/Halep-3-150x75.jpg 150w, https:\/\/archive.sana.sy\/tr\/wp-content\/uploads\/2016\/08\/Halep-3-300x150.jpg 300w, https:\/\/archive.sana.sy\/tr\/wp-content\/uploads\/2016\/08\/Halep-3.jpg 660w\" sizes=\"auto, (max-width: 150px) 100vw, 150px\" \/><\/a>\n\t\t\t<\/div><\/figure>\n\t\t<\/div>\n\n","protected":false},"excerpt":{"rendered":"<p>HALEP \u2013 D\u0131\u015f g\u00fc\u00e7lerin edat olarak kulland\u0131klar\u0131 ter\u00f6ristlerin Halep\u2019te bulunduklar\u0131 sald\u0131r\u0131lar sonucunda tarihi evlerde b\u00fcy\u00fck hasar meydana geldi. Arkeoloji ve M\u00fczeler \u0130l M\u00fcd\u00fcr\u00fc Halit Masri SANA\u2019ya a\u00e7\u0131klamas\u0131nda; Halep Kentinin eski semtleri civar\u0131nda yer alan Cdeyda B\u00f6lgesindeki Gazele ve A\u00e7\u0131kba\u015f tarihi evlerin ter\u00f6r sald\u0131r\u0131lar\u0131 sonucunda ciddi hasar ald\u0131klar\u0131n\u0131 belirtti. Masri m\u00fcd\u00fcrl\u00fckten bir ekibin s\u00f6z konusu iki &hellip;<\/p>\n","protected":false},"author":1,"featured_media":84495,"comment_status":"closed","ping_status":"closed","sticky":false,"template":"","format":"standard","meta":{"footnotes":""},"categories":[516,479,511,575,17988,478],"tags":[],"class_list":["post-84469","post","type-post","status-publish","format-standard","has-post-thumbnail","","category-haberler-kultur-ve-sanat","category-haberler-yerel","category-kultur-ve-sanat","category-olaylar-ve-gercekler","category-son-haberler","category-yerel"],"_links":{"self":[{"href":"https:\/\/archive.sana.sy\/tr\/index.php?rest_route=\/wp\/v2\/posts\/84469","targetHints":{"allow":["GET"]}}],"collection":[{"href":"https:\/\/archive.sana.sy\/tr\/index.php?rest_route=\/wp\/v2\/posts"}],"about":[{"href":"https:\/\/archive.sana.sy\/tr\/index.php?rest_route=\/wp\/v2\/types\/post"}],"author":[{"embeddable":true,"href":"https:\/\/archive.sana.sy\/tr\/index.php?rest_route=\/wp\/v2\/users\/1"}],"replies":[{"embeddable":true,"href":"https:\/\/archive.sana.sy\/tr\/index.php?rest_route=%2Fwp%2Fv2%2Fcomments&post=84469"}],"version-history":[{"count":0,"href":"https:\/\/archive.sana.sy\/tr\/index.php?rest_route=\/wp\/v2\/posts\/84469\/revisions"}],"wp:featuredmedia":[{"embeddable":true,"href":"https:\/\/archive.sana.sy\/tr\/index.php?rest_route=\/wp\/v2\/media\/84495"}],"wp:attachment":[{"href":"https:\/\/archive.sana.sy\/tr\/index.php?rest_route=%2Fwp%2Fv2%2Fmedia&parent=84469"}],"wp:term":[{"taxonomy":"category","embeddable":true,"href":"https:\/\/archive.sana.sy\/tr\/index.php?rest_route=%2Fwp%2Fv2%2Fcategories&post=84469"},{"taxonomy":"post_tag","embeddable":true,"href":"https:\/\/archive.sana.sy\/tr\/index.php?rest_route=%2Fwp%2Fv2%2Ftags&post=84469"}],"curies":[{"name":"wp","href":"https:\/\/api.w.org\/{rel}","templated":true}]}}