{"id":84578,"date":"2016-08-22T09:27:45","date_gmt":"2016-08-22T06:27:45","guid":{"rendered":"http:\/\/www.sana.sy\/tr\/?p=84578"},"modified":"2016-08-22T13:30:47","modified_gmt":"2016-08-22T10:30:47","slug":"askeri-kaynak-sanaya-aciklamasinda-ordu-birliklerimizin-hama-kirsalinin-kuzeyi-mean-koyu-ve-civarinda-askeri-noktalara-saldiri-girisiminde-bulunan-cund-el-aksa-ecnad-el-sam-ahrar-el-sam-is","status":"publish","type":"post","link":"https:\/\/archive.sana.sy\/tr\/?p=84578","title":{"rendered":"Askeri Kaynak SANA\u2019ya a\u00e7\u0131klamas\u0131nda ordu birliklerimizin Hama k\u0131rsal\u0131n\u0131n kuzeyi Mean K\u00f6y\u00fc ve civar\u0131nda askeri noktalara sald\u0131r\u0131 giri\u015fiminde bulunan Cund el Aksa, Ecnad  el \u015eam, Ahrar el \u015eam \u0130slami Hareketi adlar\u0131yla bilinen radikal ter\u00f6r \u00f6rg\u00fctlerden ter\u00f6ristlerin sald\u0131r\u0131lar\u0131n\u0131 ba\u015far\u0131yla \u00e7\u00f6kerttiklerini belirtti."},"content":{"rendered":"<p>Askeri Kaynak SANA\u2019ya a\u00e7\u0131klamas\u0131nda ordu birliklerimizin Hama k\u0131rsal\u0131n\u0131n kuzeyi Mean K\u00f6y\u00fc ve civar\u0131nda askeri noktalara sald\u0131r\u0131 giri\u015fiminde bulunan Cund el Aksa, Ecnad \u00a0el \u015eam, Ahrar el \u015eam \u0130slami Hareketi adlar\u0131yla bilinen radikal ter\u00f6r \u00f6rg\u00fctlerden ter\u00f6ristlerin sald\u0131r\u0131lar\u0131n\u0131 ba\u015far\u0131yla \u00e7\u00f6kerttiklerini belirtti.<\/p>\n","protected":false},"excerpt":{"rendered":"<p>Askeri Kaynak SANA\u2019ya a\u00e7\u0131klamas\u0131nda ordu birliklerimizin Hama k\u0131rsal\u0131n\u0131n kuzeyi Mean K\u00f6y\u00fc ve civar\u0131nda askeri noktalara sald\u0131r\u0131 giri\u015fiminde bulunan Cund el Aksa, Ecnad \u00a0el \u015eam, Ahrar el \u015eam \u0130slami Hareketi adlar\u0131yla bilinen radikal ter\u00f6r \u00f6rg\u00fctlerden ter\u00f6ristlerin sald\u0131r\u0131lar\u0131n\u0131 ba\u015far\u0131yla \u00e7\u00f6kerttiklerini belirtti.<\/p>\n","protected":false},"author":1,"featured_media":0,"comment_status":"closed","ping_status":"closed","sticky":false,"template":"","format":"standard","meta":{"footnotes":""},"categories":[17991],"tags":[],"class_list":["post-84578","post","type-post","status-publish","format-standard","","category-son-dakika"],"_links":{"self":[{"href":"https:\/\/archive.sana.sy\/tr\/index.php?rest_route=\/wp\/v2\/posts\/84578","targetHints":{"allow":["GET"]}}],"collection":[{"href":"https:\/\/archive.sana.sy\/tr\/index.php?rest_route=\/wp\/v2\/posts"}],"about":[{"href":"https:\/\/archive.sana.sy\/tr\/index.php?rest_route=\/wp\/v2\/types\/post"}],"author":[{"embeddable":true,"href":"https:\/\/archive.sana.sy\/tr\/index.php?rest_route=\/wp\/v2\/users\/1"}],"replies":[{"embeddable":true,"href":"https:\/\/archive.sana.sy\/tr\/index.php?rest_route=%2Fwp%2Fv2%2Fcomments&post=84578"}],"version-history":[{"count":0,"href":"https:\/\/archive.sana.sy\/tr\/index.php?rest_route=\/wp\/v2\/posts\/84578\/revisions"}],"wp:attachment":[{"href":"https:\/\/archive.sana.sy\/tr\/index.php?rest_route=%2Fwp%2Fv2%2Fmedia&parent=84578"}],"wp:term":[{"taxonomy":"category","embeddable":true,"href":"https:\/\/archive.sana.sy\/tr\/index.php?rest_route=%2Fwp%2Fv2%2Fcategories&post=84578"},{"taxonomy":"post_tag","embeddable":true,"href":"https:\/\/archive.sana.sy\/tr\/index.php?rest_route=%2Fwp%2Fv2%2Ftags&post=84578"}],"curies":[{"name":"wp","href":"https:\/\/api.w.org\/{rel}","templated":true}]}}