{"id":84593,"date":"2016-08-22T11:31:55","date_gmt":"2016-08-22T08:31:55","guid":{"rendered":"http:\/\/www.sana.sy\/tr\/?p=84593"},"modified":"2016-08-22T15:11:23","modified_gmt":"2016-08-22T12:11:23","slug":"sam-emniyet-mudurlugunde-bir-kaynak-teroristlerin-basken-samin-batisi-mezze-villat-bolgesini-bir-fuzeyle-hedef-aldiklarini-aktarirken-gaddar-saldirida-beseri-isabetlerin-olmadigini-fakat-va","status":"publish","type":"post","link":"https:\/\/archive.sana.sy\/tr\/?p=84593","title":{"rendered":"\u015eam Emniyet M\u00fcd\u00fcrl\u00fc\u011f\u00fcnde bir kaynak ter\u00f6ristlerin ba\u015fken \u015eam\u2019\u0131n bat\u0131s\u0131 Mezze Villat B\u00f6lgesini bir f\u00fczeyle hedef ald\u0131klar\u0131n\u0131 aktar\u0131rken, gaddar sald\u0131r\u0131da be\u015feri isabetlerin olmad\u0131\u011f\u0131n\u0131, fakat vatanda\u015flar\u0131n ev ve ara\u00e7lar\u0131nda maddi hasar\u0131n olu\u015ftu\u011funu s\u00f6yledi"},"content":{"rendered":"<p>\u015eam Emniyet M\u00fcd\u00fcrl\u00fc\u011f\u00fcnde bir kaynak ter\u00f6ristlerin ba\u015fken \u015eam\u2019\u0131n bat\u0131s\u0131 Mezze Villat B\u00f6lgesini bir f\u00fczeyle hedef ald\u0131klar\u0131n\u0131 aktar\u0131rken, gaddar sald\u0131r\u0131da be\u015feri isabetlerin olmad\u0131\u011f\u0131n\u0131, fakat vatanda\u015flar\u0131n ev ve ara\u00e7lar\u0131nda maddi hasar\u0131n olu\u015ftu\u011funu s\u00f6yledi<\/p>\n","protected":false},"excerpt":{"rendered":"<p>\u015eam Emniyet M\u00fcd\u00fcrl\u00fc\u011f\u00fcnde bir kaynak ter\u00f6ristlerin ba\u015fken \u015eam\u2019\u0131n bat\u0131s\u0131 Mezze Villat B\u00f6lgesini bir f\u00fczeyle hedef ald\u0131klar\u0131n\u0131 aktar\u0131rken, gaddar sald\u0131r\u0131da be\u015feri isabetlerin olmad\u0131\u011f\u0131n\u0131, fakat vatanda\u015flar\u0131n ev ve ara\u00e7lar\u0131nda maddi hasar\u0131n olu\u015ftu\u011funu s\u00f6yledi<\/p>\n","protected":false},"author":1,"featured_media":0,"comment_status":"closed","ping_status":"closed","sticky":false,"template":"","format":"standard","meta":{"footnotes":""},"categories":[17991],"tags":[],"class_list":["post-84593","post","type-post","status-publish","format-standard","","category-son-dakika"],"_links":{"self":[{"href":"https:\/\/archive.sana.sy\/tr\/index.php?rest_route=\/wp\/v2\/posts\/84593","targetHints":{"allow":["GET"]}}],"collection":[{"href":"https:\/\/archive.sana.sy\/tr\/index.php?rest_route=\/wp\/v2\/posts"}],"about":[{"href":"https:\/\/archive.sana.sy\/tr\/index.php?rest_route=\/wp\/v2\/types\/post"}],"author":[{"embeddable":true,"href":"https:\/\/archive.sana.sy\/tr\/index.php?rest_route=\/wp\/v2\/users\/1"}],"replies":[{"embeddable":true,"href":"https:\/\/archive.sana.sy\/tr\/index.php?rest_route=%2Fwp%2Fv2%2Fcomments&post=84593"}],"version-history":[{"count":0,"href":"https:\/\/archive.sana.sy\/tr\/index.php?rest_route=\/wp\/v2\/posts\/84593\/revisions"}],"wp:attachment":[{"href":"https:\/\/archive.sana.sy\/tr\/index.php?rest_route=%2Fwp%2Fv2%2Fmedia&parent=84593"}],"wp:term":[{"taxonomy":"category","embeddable":true,"href":"https:\/\/archive.sana.sy\/tr\/index.php?rest_route=%2Fwp%2Fv2%2Fcategories&post=84593"},{"taxonomy":"post_tag","embeddable":true,"href":"https:\/\/archive.sana.sy\/tr\/index.php?rest_route=%2Fwp%2Fv2%2Ftags&post=84593"}],"curies":[{"name":"wp","href":"https:\/\/api.w.org\/{rel}","templated":true}]}}