{"id":84608,"date":"2016-08-22T09:00:33","date_gmt":"2016-08-22T06:00:33","guid":{"rendered":"http:\/\/www.sana.sy\/tr\/?p=84608"},"modified":"2016-08-23T14:23:29","modified_gmt":"2016-08-23T11:23:29","slug":"kimi-taraflar-cozum-cabalarini-sabote-etmeye-devam-ediyor","status":"publish","type":"post","link":"https:\/\/archive.sana.sy\/tr\/?p=84608","title":{"rendered":"Kimi Taraflar \u00c7\u00f6z\u00fcm \u00c7abalar\u0131n\u0131 Sabote Etmeye Devam Ediyor"},"content":{"rendered":"<p>TAHRAN \u2013 \u0130ran \u015eura Meclisi ba\u015fkan\u0131n\u0131n uluslar aras\u0131 ili\u015fkiler \u00f6zel yard\u0131mc\u0131s\u0131 H\u00fcseyin Emir Abd\u00fcllehyan b\u00f6lgesel ve evrensel bir k\u0131s\u0131m taraflar\u0131n Suriye&#8217;de siyasi \u00e7\u00f6z\u00fcm\u00fcn sa\u011flanmas\u0131 ve kanlar\u0131n ak\u0131t\u0131lmas\u0131na son verilmesi \u00e7abalar\u0131n\u0131 sabote etme ve radikal ter\u00f6ristleri desteklemeye devam ettiklerini belirtti.<\/p>\n<p>\u00c7in\u2019in Tahran B\u00fcy\u00fckel\u00e7isi ile bug\u00fcn bir araya gelen Abd\u00fcllehyan \u0130ran\u2019\u0131n b\u00f6lge meselelerinin siyasi yollarla \u00e7\u00f6z\u00fcm\u00fc i\u00e7in her gayreti g\u00f6sterdi\u011fini ifade etti.<\/p>\n<p>\u00c7in B\u00fcy\u00fckel\u00e7isi ise Suriye&#8217;deki krize \u00e7\u00f6z\u00fcm\u00fcn, Suriye&#8217;nin egemenli\u011fi ve toprak b\u00fct\u00fcnl\u00fc\u011f\u00fcne sayg\u0131 kapsam\u0131nda siyasi yollarla olmas\u0131 gere\u011finin alt\u0131n\u0131 \u00e7izdi.<\/p>\n","protected":false},"excerpt":{"rendered":"<p>TAHRAN \u2013 \u0130ran \u015eura Meclisi ba\u015fkan\u0131n\u0131n uluslar aras\u0131 ili\u015fkiler \u00f6zel yard\u0131mc\u0131s\u0131 H\u00fcseyin Emir Abd\u00fcllehyan b\u00f6lgesel ve evrensel bir k\u0131s\u0131m taraflar\u0131n Suriye&#8217;de siyasi \u00e7\u00f6z\u00fcm\u00fcn sa\u011flanmas\u0131 ve kanlar\u0131n ak\u0131t\u0131lmas\u0131na son verilmesi \u00e7abalar\u0131n\u0131 sabote etme ve radikal ter\u00f6ristleri desteklemeye devam ettiklerini belirtti. \u00c7in\u2019in Tahran B\u00fcy\u00fckel\u00e7isi ile bug\u00fcn bir araya gelen Abd\u00fcllehyan \u0130ran\u2019\u0131n b\u00f6lge meselelerinin siyasi yollarla \u00e7\u00f6z\u00fcm\u00fc i\u00e7in &hellip;<\/p>\n","protected":false},"author":1,"featured_media":84611,"comment_status":"closed","ping_status":"closed","sticky":false,"template":"","format":"standard","meta":{"footnotes":""},"categories":[458,459,17988],"tags":[23354,23353],"class_list":["post-84608","post","type-post","status-publish","format-standard","has-post-thumbnail","","category-dunya1","category-haberler-arap-uluslararasi-politika","category-son-haberler","tag-iran-sura-meclisi-baskaninin-uluslar-arasi-iliskiler-ozel-yardimcisi-huseyin-emir-abdullehyan","tag-kimi-taraflar-cozum-cabalarini-sabote-etmeye-devam-ediyor"],"_links":{"self":[{"href":"https:\/\/archive.sana.sy\/tr\/index.php?rest_route=\/wp\/v2\/posts\/84608","targetHints":{"allow":["GET"]}}],"collection":[{"href":"https:\/\/archive.sana.sy\/tr\/index.php?rest_route=\/wp\/v2\/posts"}],"about":[{"href":"https:\/\/archive.sana.sy\/tr\/index.php?rest_route=\/wp\/v2\/types\/post"}],"author":[{"embeddable":true,"href":"https:\/\/archive.sana.sy\/tr\/index.php?rest_route=\/wp\/v2\/users\/1"}],"replies":[{"embeddable":true,"href":"https:\/\/archive.sana.sy\/tr\/index.php?rest_route=%2Fwp%2Fv2%2Fcomments&post=84608"}],"version-history":[{"count":0,"href":"https:\/\/archive.sana.sy\/tr\/index.php?rest_route=\/wp\/v2\/posts\/84608\/revisions"}],"wp:featuredmedia":[{"embeddable":true,"href":"https:\/\/archive.sana.sy\/tr\/index.php?rest_route=\/wp\/v2\/media\/84611"}],"wp:attachment":[{"href":"https:\/\/archive.sana.sy\/tr\/index.php?rest_route=%2Fwp%2Fv2%2Fmedia&parent=84608"}],"wp:term":[{"taxonomy":"category","embeddable":true,"href":"https:\/\/archive.sana.sy\/tr\/index.php?rest_route=%2Fwp%2Fv2%2Fcategories&post=84608"},{"taxonomy":"post_tag","embeddable":true,"href":"https:\/\/archive.sana.sy\/tr\/index.php?rest_route=%2Fwp%2Fv2%2Ftags&post=84608"}],"curies":[{"name":"wp","href":"https:\/\/api.w.org\/{rel}","templated":true}]}}