{"id":84612,"date":"2016-08-22T09:40:09","date_gmt":"2016-08-22T06:40:09","guid":{"rendered":"http:\/\/www.sana.sy\/tr\/?p=84612"},"modified":"2016-08-23T14:22:54","modified_gmt":"2016-08-23T11:22:54","slug":"radikal-teroristlere-silah-desteginde-bulundular","status":"publish","type":"post","link":"https:\/\/archive.sana.sy\/tr\/?p=84612","title":{"rendered":"Radikal Ter\u00f6ristlere Silah Deste\u011finde Bulundular"},"content":{"rendered":"<p>TAHRAN \u2013 \u0130ran Savunma Bakan\u0131 H\u00fcseyin Dehkan ABD\u2019nin I\u015e\u0130D\u2019e kar\u015f\u0131 sava\u015fta etkin bir \u00e7abada bulunmad\u0131\u011f\u0131n\u0131, bu y\u00f6nde bulundu\u011fu iddialar\u0131n yalan oldu\u011funun belgelerle kan\u0131tland\u0131\u011f\u0131n\u0131 ifade etti.<\/p>\n<p>\u0130ran Televizyonuna a\u00e7\u0131klamas\u0131nda Dehkan; ABD ve Suudi Arabistan rejiminin I\u015e\u0130D\u2019 kar\u015f\u0131 sava\u015ft\u0131klar\u0131 iddialar\u0131n\u0131n tamamen yalan olmas\u0131n\u0131n yan\u0131nda Suriye&#8217;de radikal ter\u00f6r \u00f6rg\u00fctlere silah temin ettiklerinin alt\u0131n\u0131 \u00e7izdi.<\/p>\n","protected":false},"excerpt":{"rendered":"<p>TAHRAN \u2013 \u0130ran Savunma Bakan\u0131 H\u00fcseyin Dehkan ABD\u2019nin I\u015e\u0130D\u2019e kar\u015f\u0131 sava\u015fta etkin bir \u00e7abada bulunmad\u0131\u011f\u0131n\u0131, bu y\u00f6nde bulundu\u011fu iddialar\u0131n yalan oldu\u011funun belgelerle kan\u0131tland\u0131\u011f\u0131n\u0131 ifade etti. \u0130ran Televizyonuna a\u00e7\u0131klamas\u0131nda Dehkan; ABD ve Suudi Arabistan rejiminin I\u015e\u0130D\u2019 kar\u015f\u0131 sava\u015ft\u0131klar\u0131 iddialar\u0131n\u0131n tamamen yalan olmas\u0131n\u0131n yan\u0131nda Suriye&#8217;de radikal ter\u00f6r \u00f6rg\u00fctlere silah temin ettiklerinin alt\u0131n\u0131 \u00e7izdi.<\/p>\n","protected":false},"author":1,"featured_media":84613,"comment_status":"closed","ping_status":"closed","sticky":false,"template":"","format":"standard","meta":{"footnotes":""},"categories":[458,459,17988],"tags":[23356,23355],"class_list":["post-84612","post","type-post","status-publish","format-standard","has-post-thumbnail","","category-dunya1","category-haberler-arap-uluslararasi-politika","category-son-haberler","tag-iran-savunma-bakani-huseyin-dehkan","tag-radikal-teroristlere-silah-desteginde-bulundular"],"_links":{"self":[{"href":"https:\/\/archive.sana.sy\/tr\/index.php?rest_route=\/wp\/v2\/posts\/84612","targetHints":{"allow":["GET"]}}],"collection":[{"href":"https:\/\/archive.sana.sy\/tr\/index.php?rest_route=\/wp\/v2\/posts"}],"about":[{"href":"https:\/\/archive.sana.sy\/tr\/index.php?rest_route=\/wp\/v2\/types\/post"}],"author":[{"embeddable":true,"href":"https:\/\/archive.sana.sy\/tr\/index.php?rest_route=\/wp\/v2\/users\/1"}],"replies":[{"embeddable":true,"href":"https:\/\/archive.sana.sy\/tr\/index.php?rest_route=%2Fwp%2Fv2%2Fcomments&post=84612"}],"version-history":[{"count":0,"href":"https:\/\/archive.sana.sy\/tr\/index.php?rest_route=\/wp\/v2\/posts\/84612\/revisions"}],"wp:featuredmedia":[{"embeddable":true,"href":"https:\/\/archive.sana.sy\/tr\/index.php?rest_route=\/wp\/v2\/media\/84613"}],"wp:attachment":[{"href":"https:\/\/archive.sana.sy\/tr\/index.php?rest_route=%2Fwp%2Fv2%2Fmedia&parent=84612"}],"wp:term":[{"taxonomy":"category","embeddable":true,"href":"https:\/\/archive.sana.sy\/tr\/index.php?rest_route=%2Fwp%2Fv2%2Fcategories&post=84612"},{"taxonomy":"post_tag","embeddable":true,"href":"https:\/\/archive.sana.sy\/tr\/index.php?rest_route=%2Fwp%2Fv2%2Ftags&post=84612"}],"curies":[{"name":"wp","href":"https:\/\/api.w.org\/{rel}","templated":true}]}}