{"id":84616,"date":"2016-08-22T09:46:01","date_gmt":"2016-08-22T06:46:01","guid":{"rendered":"http:\/\/www.sana.sy\/tr\/?p=84616"},"modified":"2016-08-23T14:22:21","modified_gmt":"2016-08-23T11:22:21","slug":"temel-ilkelerden-biri-budur","status":"publish","type":"post","link":"https:\/\/archive.sana.sy\/tr\/?p=84616","title":{"rendered":"Temel \u0130lkelerden Biri Budur"},"content":{"rendered":"<p>KAH\u0130RE \u2013 M\u0131s\u0131r devlet ba\u015fkan\u0131 Abd\u00fclfettah el Sisi Suriye&#8217;deki krize siyasi \u00e7\u00f6z\u00fcm bulma gere\u011fini bir kez daha vurgulad\u0131.<\/p>\n<p>M\u0131s\u0131r\u2019da Ahram, Ahbar ve Cumhuriyet gazetelerinin yaz\u0131 i\u015fleri m\u00fcd\u00fcrleri ile g\u00f6r\u00fc\u015fmesinde Sisi; \u00fclkesinin Suriye konusundaki tutumunun bir dizi temel ilkeye dayand\u0131\u011f\u0131n\u0131 s\u00f6yledi. Sisi bu temel ilkelerin aras\u0131nda Suriye&#8217;nin toprak b\u00fct\u00fcnl\u00fc\u011f\u00fcn\u00fc ve egemenli\u011fini koruyacak, halk\u0131n\u0131n iradesine sayg\u0131 g\u00f6sterecek siyasi bir \u00e7\u00f6z\u00fcm sa\u011flanmas\u0131 oldu\u011funu kaydetti.<\/p>\n<p>Sisi Rusya ve ABD aras\u0131ndaki uzla\u015fmalar\u0131n yan\u0131 s\u0131ra b\u00f6lgesel taraflar\u0131n esnekli\u011finin Suriye&#8217;de krizden \u00e7\u0131k\u0131\u015f yoluna g\u00f6t\u00fcrebilece\u011fini ifade etti.<\/p>\n","protected":false},"excerpt":{"rendered":"<p>KAH\u0130RE \u2013 M\u0131s\u0131r devlet ba\u015fkan\u0131 Abd\u00fclfettah el Sisi Suriye&#8217;deki krize siyasi \u00e7\u00f6z\u00fcm bulma gere\u011fini bir kez daha vurgulad\u0131. M\u0131s\u0131r\u2019da Ahram, Ahbar ve Cumhuriyet gazetelerinin yaz\u0131 i\u015fleri m\u00fcd\u00fcrleri ile g\u00f6r\u00fc\u015fmesinde Sisi; \u00fclkesinin Suriye konusundaki tutumunun bir dizi temel ilkeye dayand\u0131\u011f\u0131n\u0131 s\u00f6yledi. Sisi bu temel ilkelerin aras\u0131nda Suriye&#8217;nin toprak b\u00fct\u00fcnl\u00fc\u011f\u00fcn\u00fc ve egemenli\u011fini koruyacak, halk\u0131n\u0131n iradesine sayg\u0131 g\u00f6sterecek &hellip;<\/p>\n","protected":false},"author":1,"featured_media":84618,"comment_status":"closed","ping_status":"closed","sticky":false,"template":"","format":"standard","meta":{"footnotes":""},"categories":[458,459,17988],"tags":[23358,23357],"class_list":["post-84616","post","type-post","status-publish","format-standard","has-post-thumbnail","","category-dunya1","category-haberler-arap-uluslararasi-politika","category-son-haberler","tag-misir-devlet-baskani-abdulfettah-el-sisi","tag-temel-ilkelerden-biri-budur"],"_links":{"self":[{"href":"https:\/\/archive.sana.sy\/tr\/index.php?rest_route=\/wp\/v2\/posts\/84616","targetHints":{"allow":["GET"]}}],"collection":[{"href":"https:\/\/archive.sana.sy\/tr\/index.php?rest_route=\/wp\/v2\/posts"}],"about":[{"href":"https:\/\/archive.sana.sy\/tr\/index.php?rest_route=\/wp\/v2\/types\/post"}],"author":[{"embeddable":true,"href":"https:\/\/archive.sana.sy\/tr\/index.php?rest_route=\/wp\/v2\/users\/1"}],"replies":[{"embeddable":true,"href":"https:\/\/archive.sana.sy\/tr\/index.php?rest_route=%2Fwp%2Fv2%2Fcomments&post=84616"}],"version-history":[{"count":0,"href":"https:\/\/archive.sana.sy\/tr\/index.php?rest_route=\/wp\/v2\/posts\/84616\/revisions"}],"wp:featuredmedia":[{"embeddable":true,"href":"https:\/\/archive.sana.sy\/tr\/index.php?rest_route=\/wp\/v2\/media\/84618"}],"wp:attachment":[{"href":"https:\/\/archive.sana.sy\/tr\/index.php?rest_route=%2Fwp%2Fv2%2Fmedia&parent=84616"}],"wp:term":[{"taxonomy":"category","embeddable":true,"href":"https:\/\/archive.sana.sy\/tr\/index.php?rest_route=%2Fwp%2Fv2%2Fcategories&post=84616"},{"taxonomy":"post_tag","embeddable":true,"href":"https:\/\/archive.sana.sy\/tr\/index.php?rest_route=%2Fwp%2Fv2%2Ftags&post=84616"}],"curies":[{"name":"wp","href":"https:\/\/api.w.org\/{rel}","templated":true}]}}