{"id":84617,"date":"2016-08-22T13:00:30","date_gmt":"2016-08-22T10:00:30","guid":{"rendered":"http:\/\/www.sana.sy\/tr\/?p=84617"},"modified":"2016-08-23T14:26:13","modified_gmt":"2016-08-23T11:26:13","slug":"hamada-cete-cokertildi","status":"publish","type":"post","link":"https:\/\/archive.sana.sy\/tr\/?p=84617","title":{"rendered":"Hama\u2019da \u00c7ete \u00c7\u00f6kertildi"},"content":{"rendered":"<p>HAMA \u2013 G\u00fcvenlik birimleri Hama k\u0131rsal\u0131n\u0131n kuzeybat\u0131s\u0131 Mharde B\u00f6lgesinde adam ka\u00e7\u0131rma, gasp, \u00f6ld\u00fcrme ve vatanda\u015flar\u0131n saflar\u0131nda deh\u015fet sa\u00e7ma eylemlerinde bulunan bir \u00e7eteyi \u00e7\u00f6kertti.<\/p>\n<p>Hama \u0130l Emniyet M\u00fcd\u00fcr\u00fc E\u015fref Taha SANA\u2019ya a\u00e7\u0131klamas\u0131nda dakik bir soru\u015fturma ve takip operasyonu ard\u0131ndan g\u00fcvenlik birimlerinin mevcut ko\u015fullar\u0131 f\u0131rsat bilip vatanda\u015flar\u0131n saflar\u0131nda \u00f6ld\u00fcrme, ka\u00e7\u0131rma gasp ve deh\u015fet sa\u00e7ma eylemlerinde bulunan bir \u00e7etenin \u00fcyelerini takibe ald\u0131klar\u0131n\u0131 s\u00f6yledi. Ard\u0131ndan bu \u00e7etenin \u00fcyelerine pusular kurulup yuvalar\u0131na da bask\u0131n d\u00fczenlendi\u011fini belirten Taha; \u00e7ete \u00fcyelerinden 4 ki\u015fiyi tutuklad\u0131klar\u0131n\u0131 kaydetti.<\/p>\n<p>Taha havzalar\u0131nda ki\u015fisel silahlar bulunan \u00e7ete \u00fcyelerinin \u00f6n soru\u015fturmada su\u00e7lar\u0131n\u0131 itiraf ettiklerini s\u00f6zlerine ekledi.<\/p>\n","protected":false},"excerpt":{"rendered":"<p>HAMA \u2013 G\u00fcvenlik birimleri Hama k\u0131rsal\u0131n\u0131n kuzeybat\u0131s\u0131 Mharde B\u00f6lgesinde adam ka\u00e7\u0131rma, gasp, \u00f6ld\u00fcrme ve vatanda\u015flar\u0131n saflar\u0131nda deh\u015fet sa\u00e7ma eylemlerinde bulunan bir \u00e7eteyi \u00e7\u00f6kertti. Hama \u0130l Emniyet M\u00fcd\u00fcr\u00fc E\u015fref Taha SANA\u2019ya a\u00e7\u0131klamas\u0131nda dakik bir soru\u015fturma ve takip operasyonu ard\u0131ndan g\u00fcvenlik birimlerinin mevcut ko\u015fullar\u0131 f\u0131rsat bilip vatanda\u015flar\u0131n saflar\u0131nda \u00f6ld\u00fcrme, ka\u00e7\u0131rma gasp ve deh\u015fet sa\u00e7ma eylemlerinde bulunan bir &hellip;<\/p>\n","protected":false},"author":1,"featured_media":84621,"comment_status":"closed","ping_status":"closed","sticky":false,"template":"","format":"standard","meta":{"footnotes":""},"categories":[479,17988,478],"tags":[23360,23359],"class_list":["post-84617","post","type-post","status-publish","format-standard","has-post-thumbnail","","category-haberler-yerel","category-son-haberler","category-yerel","tag-guvenlik-birimleri-hama-kirsalinin-kuzeybatisi-mharde-bolgesinde","tag-hamada-cete-cokertildi"],"_links":{"self":[{"href":"https:\/\/archive.sana.sy\/tr\/index.php?rest_route=\/wp\/v2\/posts\/84617","targetHints":{"allow":["GET"]}}],"collection":[{"href":"https:\/\/archive.sana.sy\/tr\/index.php?rest_route=\/wp\/v2\/posts"}],"about":[{"href":"https:\/\/archive.sana.sy\/tr\/index.php?rest_route=\/wp\/v2\/types\/post"}],"author":[{"embeddable":true,"href":"https:\/\/archive.sana.sy\/tr\/index.php?rest_route=\/wp\/v2\/users\/1"}],"replies":[{"embeddable":true,"href":"https:\/\/archive.sana.sy\/tr\/index.php?rest_route=%2Fwp%2Fv2%2Fcomments&post=84617"}],"version-history":[{"count":0,"href":"https:\/\/archive.sana.sy\/tr\/index.php?rest_route=\/wp\/v2\/posts\/84617\/revisions"}],"wp:featuredmedia":[{"embeddable":true,"href":"https:\/\/archive.sana.sy\/tr\/index.php?rest_route=\/wp\/v2\/media\/84621"}],"wp:attachment":[{"href":"https:\/\/archive.sana.sy\/tr\/index.php?rest_route=%2Fwp%2Fv2%2Fmedia&parent=84617"}],"wp:term":[{"taxonomy":"category","embeddable":true,"href":"https:\/\/archive.sana.sy\/tr\/index.php?rest_route=%2Fwp%2Fv2%2Fcategories&post=84617"},{"taxonomy":"post_tag","embeddable":true,"href":"https:\/\/archive.sana.sy\/tr\/index.php?rest_route=%2Fwp%2Fv2%2Ftags&post=84617"}],"curies":[{"name":"wp","href":"https:\/\/api.w.org\/{rel}","templated":true}]}}