{"id":84620,"date":"2016-08-22T18:30:29","date_gmt":"2016-08-22T15:30:29","guid":{"rendered":"http:\/\/www.sana.sy\/tr\/?p=84620"},"modified":"2016-08-23T14:18:43","modified_gmt":"2016-08-23T11:18:43","slug":"hava-operasyonlarin-desteginde-operasyonlar-basariyla-devam-ediyor","status":"publish","type":"post","link":"https:\/\/archive.sana.sy\/tr\/?p=84620","title":{"rendered":"Hava Operasyonlar\u0131n Deste\u011finde Operasyonlar Ba\u015far\u0131yla Devam Ediyor"},"content":{"rendered":"<p>\u0130LLER \u2013 Hava g\u00fc\u00e7lerimiz ve top\u00e7u birliklerimizin deste\u011fi ile radikal ve hain ter\u00f6re kar\u015f\u0131 askeri operasyonlar\u0131n\u0131 s\u00fcrd\u00fcren ordu birliklerimiz bug\u00fcn komuta karargahlar\u0131, toplanma yerleri ve ara\u00e7 konvoylar\u0131n\u0131 imha etti.<\/p>\n<p>Askeri Kaynak SANA\u2019ya a\u00e7\u0131klamas\u0131nda hava g\u00fc\u00e7lerimizin son 24 saat i\u00e7inde Halep, Hama, \u0130dlib ve Homs k\u0131rsallar\u0131nda ter\u00f6r \u00f6rg\u00fctlerin mevki, karargah ve ara\u00e7 konvoylar\u0131na kar\u015f\u0131 100 hava operasyonu ger\u00e7ekle\u015ftirdiklerini beyan etti.<\/p>\n<p><span style=\"color: #0000ff\">HALEP:<\/span><\/p>\n<p>Kaynak hava operasyonlar\u0131nda Halep\u2019in el Kesybiye B\u00f6lgesinde ter\u00f6r eleba\u015flar\u0131n\u0131n topland\u0131klar\u0131 bir karargah\u0131 hedef alan hava g\u00fc\u00e7lerimizin; i\u00e7indeki t\u00fcm ter\u00f6ristleri \u00f6ld\u00fcrd\u00fcklerini aktard\u0131.<\/p>\n<p>Bu arada ter\u00f6r \u00e7eteleri medya ara\u00e7lar\u0131nda Kaide \u00d6rg\u00fct\u00fcn\u00fcn Suriye kolu Nusra Cephesinin komutanlar\u0131ndan \u2018Ebu Muhammed el T\u00fcrkmani\u2019 kod ad\u0131yla bilenin bir ter\u00f6r eleba\u015f\u0131n\u0131n aralar\u0131nda bulundu\u011fu bir\u00e7ok ter\u00f6ristin \u00f6ld\u00fcr\u00fclmelerine ek olarak \u2018Ahrar el \u015eam \u0130slami Hareketi\u2019nde askeri komutan \u2018Ebu Salah\u2019 lakapl\u0131 ter\u00f6r eleba\u015f\u0131n\u0131n da yaraland\u0131\u011f\u0131n\u0131 itiraf etti.<\/p>\n<p><span style=\"color: #0000ff\">HOMS:<\/span><\/p>\n<p>Buna e\u015f zamanl\u0131 olarak askeri kaynak; hava g\u00fc\u00e7lerimizin Homs k\u0131rsal\u0131n\u0131n do\u011fusu Erak, \u015eair petrol sahas\u0131n\u0131n civar\u0131 ve Tedmur\u2019un do\u011fusunda \u0130\u015e\u0130D\u2019e ait onlarca arac\u0131 ta\u015f\u0131d\u0131klar\u0131 ter\u00f6rist ve cephaneyle birlikte imha ettiklerini s\u00f6yledi.<\/p>\n<p>Homs k\u0131rsal\u0131n\u0131n kuzeyinde de hava g\u00fc\u00e7lerimizin ter\u00f6r \u00f6rg\u00fctlerin mevkilerine kar\u015f\u0131 hava operasyonlar\u0131 ger\u00e7ekle\u015ftirdiklerini aktaran kaynak; Teyr Male ve \u011eanto k\u00f6ylerinde tekfircilere ait 2 komuta karargah\u0131n\u0131 muhtevalar\u0131yla birlikte tamamen yok ettiklerini s\u00f6zlerine ekledi.<\/p>\n<p><span style=\"color: #0000ff\">HAMA:<\/span><\/p>\n<p>Askeri Kaynak SANA\u2019ya a\u00e7\u0131klamas\u0131nda ordu birliklerimizin Hama k\u0131rsal\u0131n\u0131n kuzeyi Mean K\u00f6y\u00fc ve civar\u0131nda askeri noktalara sald\u0131r\u0131 giri\u015fiminde bulunan Cund el Aksa, Ecnad el \u015eam, Ahrar el \u015eam \u0130slami Hareketi adlar\u0131yla bilinen radikal ter\u00f6r \u00f6rg\u00fctlerden ter\u00f6ristlerin sald\u0131r\u0131lar\u0131n\u0131 ba\u015far\u0131yla \u00e7\u00f6kerttiklerini belirtti.<\/p>\n<p>Kaynak ya\u015fanan \u015fiddetli \u00e7at\u0131\u015fmalarda 50\u2019den fazla ter\u00f6ristin \u00f6ld\u00fcr\u00fcld\u00fc\u011f\u00fcn\u00fc, onlarca ter\u00f6ristin yaraland\u0131\u011f\u0131n\u0131, makineli silahla donat\u0131lm\u0131\u015f bir ara\u00e7 ve f\u00fcze rampas\u0131n\u0131n imha edildi\u011fini, biri z\u0131rhl\u0131 olan 4 arac\u0131n da tahrip edildi\u011fini kaydetti.<\/p>\n<p><span style=\"color: #0000ff\">DERA:<\/span><\/p>\n<p>\u00d6te yandan askeri kaynak; Dera Beled ve Dera Mahatta b\u00f6lgelerinde i\u015fgalci \u0130srail\u2019den destek alan ter\u00f6r \u00f6rg\u00fctlere tabi 2 toplanma merkezine y\u00f6nelik nitelikli operasyonlar ger\u00e7ekle\u015ftirdiklerini belirtti.<\/p>\n<p>Kaynak; operasyonlarda Busra Meydan\u0131n g\u00fcneyinde ve Kerk Semtinde siperlenen iki ter\u00f6r grubunun t\u00fcm \u00fcyelerinin \u00f6l\u00fc ve yaral\u0131 d\u00fc\u015f\u00fcr\u00fcl\u00fcp havzalar\u0131nda bulunan silah ve m\u00fchimmatlar\u0131n\u0131n imha edildi\u011fine dikkat \u00e7ekti.<\/p>\n","protected":false},"excerpt":{"rendered":"<p>\u0130LLER \u2013 Hava g\u00fc\u00e7lerimiz ve top\u00e7u birliklerimizin deste\u011fi ile radikal ve hain ter\u00f6re kar\u015f\u0131 askeri operasyonlar\u0131n\u0131 s\u00fcrd\u00fcren ordu birliklerimiz bug\u00fcn komuta karargahlar\u0131, toplanma yerleri ve ara\u00e7 konvoylar\u0131n\u0131 imha etti. Askeri Kaynak SANA\u2019ya a\u00e7\u0131klamas\u0131nda hava g\u00fc\u00e7lerimizin son 24 saat i\u00e7inde Halep, Hama, \u0130dlib ve Homs k\u0131rsallar\u0131nda ter\u00f6r \u00f6rg\u00fctlerin mevki, karargah ve ara\u00e7 konvoylar\u0131na kar\u015f\u0131 100 hava &hellip;<\/p>\n","protected":false},"author":1,"featured_media":84644,"comment_status":"closed","ping_status":"closed","sticky":false,"template":"","format":"standard","meta":{"footnotes":""},"categories":[575,17988],"tags":[],"class_list":["post-84620","post","type-post","status-publish","format-standard","has-post-thumbnail","","category-olaylar-ve-gercekler","category-son-haberler"],"_links":{"self":[{"href":"https:\/\/archive.sana.sy\/tr\/index.php?rest_route=\/wp\/v2\/posts\/84620","targetHints":{"allow":["GET"]}}],"collection":[{"href":"https:\/\/archive.sana.sy\/tr\/index.php?rest_route=\/wp\/v2\/posts"}],"about":[{"href":"https:\/\/archive.sana.sy\/tr\/index.php?rest_route=\/wp\/v2\/types\/post"}],"author":[{"embeddable":true,"href":"https:\/\/archive.sana.sy\/tr\/index.php?rest_route=\/wp\/v2\/users\/1"}],"replies":[{"embeddable":true,"href":"https:\/\/archive.sana.sy\/tr\/index.php?rest_route=%2Fwp%2Fv2%2Fcomments&post=84620"}],"version-history":[{"count":0,"href":"https:\/\/archive.sana.sy\/tr\/index.php?rest_route=\/wp\/v2\/posts\/84620\/revisions"}],"wp:featuredmedia":[{"embeddable":true,"href":"https:\/\/archive.sana.sy\/tr\/index.php?rest_route=\/wp\/v2\/media\/84644"}],"wp:attachment":[{"href":"https:\/\/archive.sana.sy\/tr\/index.php?rest_route=%2Fwp%2Fv2%2Fmedia&parent=84620"}],"wp:term":[{"taxonomy":"category","embeddable":true,"href":"https:\/\/archive.sana.sy\/tr\/index.php?rest_route=%2Fwp%2Fv2%2Fcategories&post=84620"},{"taxonomy":"post_tag","embeddable":true,"href":"https:\/\/archive.sana.sy\/tr\/index.php?rest_route=%2Fwp%2Fv2%2Ftags&post=84620"}],"curies":[{"name":"wp","href":"https:\/\/api.w.org\/{rel}","templated":true}]}}