{"id":84626,"date":"2016-08-22T15:11:07","date_gmt":"2016-08-22T12:11:07","guid":{"rendered":"http:\/\/www.sana.sy\/tr\/?p=84626"},"modified":"2016-08-23T14:21:01","modified_gmt":"2016-08-23T11:21:01","slug":"yine-bircok-sivil-vatandas-kurban-gitti","status":"publish","type":"post","link":"https:\/\/archive.sana.sy\/tr\/?p=84626","title":{"rendered":"Yine Bir\u00e7ok Sivil Vatanda\u015f Kurban Gitti"},"content":{"rendered":"<p>\u0130LLER \u2013 Eli kanl\u0131 ter\u00f6r \u00f6rg\u00fctleri bir\u00e7ok b\u00f6lgede \u00e7at\u0131\u015fmalar\u0131 durdurma anla\u015fmas\u0131na ihlallerini s\u00fcrd\u00fcrerek yerle\u015fim alanlar\u0131 ve sivil insanlar\u0131 gaddarca hedef almaya devam ettiler.<\/p>\n<p><span style=\"color: #0000ff\">\u015eAM:<\/span><\/p>\n<p>\u015eam Emniyet M\u00fcd\u00fcrl\u00fc\u011f\u00fcnde bir kaynak ter\u00f6ristlerin ba\u015fken \u015eam\u2019\u0131n bat\u0131s\u0131 Mezze Villat B\u00f6lgesini bir f\u00fczeyle hedef ald\u0131klar\u0131n\u0131 s\u00f6yledi. Kaynak gaddar sald\u0131r\u0131da be\u015feri isabetlerin olmad\u0131\u011f\u0131n\u0131, fakat vatanda\u015flar\u0131n ev ve ara\u00e7lar\u0131nda maddi hasar\u0131n olu\u015ftu\u011funu s\u00f6zlerine ekledi.<\/p>\n<p><span style=\"color: #0000ff\">\u015eAM KIRSALI:<\/span><\/p>\n<p>Bu arada \u0130slam Ordusu adl\u0131 radikal ter\u00f6ristlerin sabah saatlerinde \u015eam\u2019\u0131n kuzeydo\u011fu k\u0131rsal\u0131 Haresta Banliy\u00f6s\u00fcn\u00fc f\u00fcze ya\u011fmuruna tutmalar\u0131 sonucunda 2 vatanda\u015f \u015fehit, 10 vatanda\u015f yaral\u0131 d\u00fc\u015ferken, kurbanlar\u0131n aralar\u0131nda kad\u0131n ve \u00e7ocuklar\u0131n bulundu\u011fu bildirildi.<\/p>\n<p><span style=\"color: #0000ff\">\u0130DL\u0130B:<\/span><\/p>\n<p>\u00d6te yandan radikal ter\u00f6r \u00f6rg\u00fctleri \u0130dlib k\u0131rsal\u0131n\u0131n kuzeyinde 3 y\u0131lda fazla s\u00fcredir ablukaya ald\u0131klar\u0131 Fua Kentinde savunmas\u0131z sivil vatanda\u015flara keskin ni\u015fanc\u0131 silahlar\u0131yla ate\u015f a\u00e7t\u0131lar.<\/p>\n<p>Beldeden yerel kaynaklar SANA ile telefon ba\u011flant\u0131s\u0131nda \u2018Fetih Ordusu\u2019 ad\u0131 alt\u0131nda Benni\u015f Beldesinde siperlenen ter\u00f6ristlerin a\u00e7t\u0131klar\u0131 ate\u015f sonucunda 2 vatanda\u015f\u0131n yaraland\u0131\u011f\u0131n\u0131 aktard\u0131.<\/p>\n","protected":false},"excerpt":{"rendered":"<p>\u0130LLER \u2013 Eli kanl\u0131 ter\u00f6r \u00f6rg\u00fctleri bir\u00e7ok b\u00f6lgede \u00e7at\u0131\u015fmalar\u0131 durdurma anla\u015fmas\u0131na ihlallerini s\u00fcrd\u00fcrerek yerle\u015fim alanlar\u0131 ve sivil insanlar\u0131 gaddarca hedef almaya devam ettiler. \u015eAM: \u015eam Emniyet M\u00fcd\u00fcrl\u00fc\u011f\u00fcnde bir kaynak ter\u00f6ristlerin ba\u015fken \u015eam\u2019\u0131n bat\u0131s\u0131 Mezze Villat B\u00f6lgesini bir f\u00fczeyle hedef ald\u0131klar\u0131n\u0131 s\u00f6yledi. Kaynak gaddar sald\u0131r\u0131da be\u015feri isabetlerin olmad\u0131\u011f\u0131n\u0131, fakat vatanda\u015flar\u0131n ev ve ara\u00e7lar\u0131nda maddi hasar\u0131n olu\u015ftu\u011funu &hellip;<\/p>\n","protected":false},"author":1,"featured_media":84628,"comment_status":"closed","ping_status":"closed","sticky":false,"template":"","format":"standard","meta":{"footnotes":""},"categories":[479,575,17988,478],"tags":[23363],"class_list":["post-84626","post","type-post","status-publish","format-standard","has-post-thumbnail","","category-haberler-yerel","category-olaylar-ve-gercekler","category-son-haberler","category-yerel","tag-yine-bircok-sivil-vatandas-kurban-gitti"],"_links":{"self":[{"href":"https:\/\/archive.sana.sy\/tr\/index.php?rest_route=\/wp\/v2\/posts\/84626","targetHints":{"allow":["GET"]}}],"collection":[{"href":"https:\/\/archive.sana.sy\/tr\/index.php?rest_route=\/wp\/v2\/posts"}],"about":[{"href":"https:\/\/archive.sana.sy\/tr\/index.php?rest_route=\/wp\/v2\/types\/post"}],"author":[{"embeddable":true,"href":"https:\/\/archive.sana.sy\/tr\/index.php?rest_route=\/wp\/v2\/users\/1"}],"replies":[{"embeddable":true,"href":"https:\/\/archive.sana.sy\/tr\/index.php?rest_route=%2Fwp%2Fv2%2Fcomments&post=84626"}],"version-history":[{"count":0,"href":"https:\/\/archive.sana.sy\/tr\/index.php?rest_route=\/wp\/v2\/posts\/84626\/revisions"}],"wp:featuredmedia":[{"embeddable":true,"href":"https:\/\/archive.sana.sy\/tr\/index.php?rest_route=\/wp\/v2\/media\/84628"}],"wp:attachment":[{"href":"https:\/\/archive.sana.sy\/tr\/index.php?rest_route=%2Fwp%2Fv2%2Fmedia&parent=84626"}],"wp:term":[{"taxonomy":"category","embeddable":true,"href":"https:\/\/archive.sana.sy\/tr\/index.php?rest_route=%2Fwp%2Fv2%2Fcategories&post=84626"},{"taxonomy":"post_tag","embeddable":true,"href":"https:\/\/archive.sana.sy\/tr\/index.php?rest_route=%2Fwp%2Fv2%2Ftags&post=84626"}],"curies":[{"name":"wp","href":"https:\/\/api.w.org\/{rel}","templated":true}]}}