{"id":84701,"date":"2016-08-23T09:21:29","date_gmt":"2016-08-23T06:21:29","guid":{"rendered":"http:\/\/www.sana.sy\/tr\/?p=84701"},"modified":"2016-08-23T13:07:42","modified_gmt":"2016-08-23T10:07:42","slug":"askeri-kaynak-ordu-birliklerimizin-halep-kirsalinin-kuzeyinde-hava-akademisi-civarlarinda-askeri-noktalara-saldirmaya-calisan-isid-tekfircilerine-karsi-koyarak-onlari-sayi-ve-araclariyla-ciddi-kayipla","status":"publish","type":"post","link":"https:\/\/archive.sana.sy\/tr\/?p=84701","title":{"rendered":"Askeri kaynak ordu birliklerimizin Halep k\u0131rsal\u0131n\u0131n kuzeyinde Hava Akademisi civarlar\u0131nda askeri noktalara sald\u0131rmaya \u00e7al\u0131\u015fan I\u015e\u0130D tekfircilerine kar\u015f\u0131 koyarak onlar\u0131 say\u0131 ve ara\u00e7lar\u0131yla ciddi kay\u0131plara u\u011fratt\u0131klar\u0131n\u0131 belirtti."},"content":{"rendered":"<p>Askeri kaynak ordu birliklerimizin Halep k\u0131rsal\u0131n\u0131n kuzeyinde Hava Akademisi civarlar\u0131nda askeri noktalara sald\u0131rmaya \u00e7al\u0131\u015fan I\u015e\u0130D tekfircilerine kar\u015f\u0131 koyarak onlar\u0131 say\u0131 ve ara\u00e7lar\u0131yla ciddi kay\u0131plara u\u011fratt\u0131klar\u0131n\u0131 belirtti.<\/p>\n","protected":false},"excerpt":{"rendered":"<p>Askeri kaynak ordu birliklerimizin Halep k\u0131rsal\u0131n\u0131n kuzeyinde Hava Akademisi civarlar\u0131nda askeri noktalara sald\u0131rmaya \u00e7al\u0131\u015fan I\u015e\u0130D tekfircilerine kar\u015f\u0131 koyarak onlar\u0131 say\u0131 ve ara\u00e7lar\u0131yla ciddi kay\u0131plara u\u011fratt\u0131klar\u0131n\u0131 belirtti.<\/p>\n","protected":false},"author":1,"featured_media":0,"comment_status":"closed","ping_status":"closed","sticky":false,"template":"","format":"standard","meta":{"footnotes":""},"categories":[17991],"tags":[],"class_list":["post-84701","post","type-post","status-publish","format-standard","","category-son-dakika"],"_links":{"self":[{"href":"https:\/\/archive.sana.sy\/tr\/index.php?rest_route=\/wp\/v2\/posts\/84701","targetHints":{"allow":["GET"]}}],"collection":[{"href":"https:\/\/archive.sana.sy\/tr\/index.php?rest_route=\/wp\/v2\/posts"}],"about":[{"href":"https:\/\/archive.sana.sy\/tr\/index.php?rest_route=\/wp\/v2\/types\/post"}],"author":[{"embeddable":true,"href":"https:\/\/archive.sana.sy\/tr\/index.php?rest_route=\/wp\/v2\/users\/1"}],"replies":[{"embeddable":true,"href":"https:\/\/archive.sana.sy\/tr\/index.php?rest_route=%2Fwp%2Fv2%2Fcomments&post=84701"}],"version-history":[{"count":0,"href":"https:\/\/archive.sana.sy\/tr\/index.php?rest_route=\/wp\/v2\/posts\/84701\/revisions"}],"wp:attachment":[{"href":"https:\/\/archive.sana.sy\/tr\/index.php?rest_route=%2Fwp%2Fv2%2Fmedia&parent=84701"}],"wp:term":[{"taxonomy":"category","embeddable":true,"href":"https:\/\/archive.sana.sy\/tr\/index.php?rest_route=%2Fwp%2Fv2%2Fcategories&post=84701"},{"taxonomy":"post_tag","embeddable":true,"href":"https:\/\/archive.sana.sy\/tr\/index.php?rest_route=%2Fwp%2Fv2%2Ftags&post=84701"}],"curies":[{"name":"wp","href":"https:\/\/api.w.org\/{rel}","templated":true}]}}