{"id":84706,"date":"2016-08-23T11:00:02","date_gmt":"2016-08-23T08:00:02","guid":{"rendered":"http:\/\/www.sana.sy\/tr\/?p=84706"},"modified":"2016-08-24T12:11:31","modified_gmt":"2016-08-24T09:11:31","slug":"cephane-yuklu-arac-yakalandi","status":"publish","type":"post","link":"https:\/\/archive.sana.sy\/tr\/?p=84706","title":{"rendered":"Cephane Y\u00fckl\u00fc Ara\u00e7 Yakaland\u0131(video)"},"content":{"rendered":"<p>HAMA \u2013 Ordu birliklerimiz bug\u00fcn sabah saatlerinde Hama k\u0131rsal\u0131n\u0131n do\u011fusu Rakka ve Halep il idari s\u0131n\u0131rlar\u0131 yak\u0131n\u0131nda b\u00fcy\u00fck miktarda cephane y\u00fckl\u00fc bir arac\u0131 \u00e7evirdi.<\/p>\n<p>Askeri kaynak dakik bir soru\u015fturma ve takip operasyonu sonucunda ordu birliklerimizin Hama Kentinin yakla\u015f\u0131k 100 km do\u011fusu Sabbura \u2013 Uzeyb Vadisi \u2013 Esriya ekseninde anti z\u0131rh roketleri ve a\u011f\u0131r tank mermileri y\u00fckl\u00fc bir arac\u0131 \u00e7evirdiklerini belirtti.<\/p>\n<p>https:\/\/youtu.be\/UkDN67VRjpQ<\/p>\n<p>R.H.<\/p>\n","protected":false},"excerpt":{"rendered":"<p>HAMA \u2013 Ordu birliklerimiz bug\u00fcn sabah saatlerinde Hama k\u0131rsal\u0131n\u0131n do\u011fusu Rakka ve Halep il idari s\u0131n\u0131rlar\u0131 yak\u0131n\u0131nda b\u00fcy\u00fck miktarda cephane y\u00fckl\u00fc bir arac\u0131 \u00e7evirdi. Askeri kaynak dakik bir soru\u015fturma ve takip operasyonu sonucunda ordu birliklerimizin Hama Kentinin yakla\u015f\u0131k 100 km do\u011fusu Sabbura \u2013 Uzeyb Vadisi \u2013 Esriya ekseninde anti z\u0131rh roketleri ve a\u011f\u0131r tank mermileri &hellip;<\/p>\n","protected":false},"author":1,"featured_media":84709,"comment_status":"closed","ping_status":"closed","sticky":false,"template":"","format":"standard","meta":{"footnotes":""},"categories":[575,17988],"tags":[20576,18237,15945,18674,11549,19043,22182],"class_list":["post-84706","post","type-post","status-publish","format-standard","has-post-thumbnail","","category-olaylar-ve-gercekler","category-son-haberler","tag-cephane-yuklu-arac-yakalandi","tag-cihatcilar","tag-ilimli-muhalifler","tag-silahli-muhalifler","tag-suriye-ordusu","tag-suriyede-son-durum","tag-suriyede-savas"],"_links":{"self":[{"href":"https:\/\/archive.sana.sy\/tr\/index.php?rest_route=\/wp\/v2\/posts\/84706","targetHints":{"allow":["GET"]}}],"collection":[{"href":"https:\/\/archive.sana.sy\/tr\/index.php?rest_route=\/wp\/v2\/posts"}],"about":[{"href":"https:\/\/archive.sana.sy\/tr\/index.php?rest_route=\/wp\/v2\/types\/post"}],"author":[{"embeddable":true,"href":"https:\/\/archive.sana.sy\/tr\/index.php?rest_route=\/wp\/v2\/users\/1"}],"replies":[{"embeddable":true,"href":"https:\/\/archive.sana.sy\/tr\/index.php?rest_route=%2Fwp%2Fv2%2Fcomments&post=84706"}],"version-history":[{"count":0,"href":"https:\/\/archive.sana.sy\/tr\/index.php?rest_route=\/wp\/v2\/posts\/84706\/revisions"}],"wp:featuredmedia":[{"embeddable":true,"href":"https:\/\/archive.sana.sy\/tr\/index.php?rest_route=\/wp\/v2\/media\/84709"}],"wp:attachment":[{"href":"https:\/\/archive.sana.sy\/tr\/index.php?rest_route=%2Fwp%2Fv2%2Fmedia&parent=84706"}],"wp:term":[{"taxonomy":"category","embeddable":true,"href":"https:\/\/archive.sana.sy\/tr\/index.php?rest_route=%2Fwp%2Fv2%2Fcategories&post=84706"},{"taxonomy":"post_tag","embeddable":true,"href":"https:\/\/archive.sana.sy\/tr\/index.php?rest_route=%2Fwp%2Fv2%2Ftags&post=84706"}],"curies":[{"name":"wp","href":"https:\/\/api.w.org\/{rel}","templated":true}]}}