{"id":84728,"date":"2016-08-23T16:05:32","date_gmt":"2016-08-23T13:05:32","guid":{"rendered":"http:\/\/www.sana.sy\/tr\/?p=84728"},"modified":"2016-08-24T10:50:58","modified_gmt":"2016-08-24T07:50:58","slug":"gunesin-cocuklari-faaliyetlerini-surduruyor","status":"publish","type":"post","link":"https:\/\/archive.sana.sy\/tr\/?p=84728","title":{"rendered":"G\u00fcne\u015fin \u00c7ocuklar\u0131 Faaliyetlerini S\u00fcrd\u00fcr\u00fcyor(video)"},"content":{"rendered":"<p>\u015eAM \u2013 Ulusal \u00d6\u011frenci Birli\u011finin d\u00fczenledi\u011fi \u2018G\u00fcne\u015fin \u00c7ocuklar\u0131\u2019 kampanyas\u0131 bug\u00fcn \u015eam\u2019\u0131n Mezze Semtindeki Sanat E\u011fitim ve Uygulama Enstit\u00fcs\u00fcndeki Tiyatro Salonunda \u2018K\u00fc\u00e7\u00fck Babalar\u2019 adl\u0131 oyunla faaliyetlerini s\u00fcrd\u00fcrd\u00fc.<\/p>\n<p>\u00d6\u011frenici Birli\u011finin \u015eam \u015eube Ba\u015fkan\u0131 Firas el Azb bas\u0131na yapt\u0131\u011f\u0131 a\u00e7\u0131klamada; kampanyan\u0131n ilk y\u0131l\u0131nda oldu\u011funa i\u015faret ederken, \u00f6\u011fretim y\u0131l\u0131 ve \u00f6n\u00fcm\u00fczdeki yaz tatili boyunca devam edece\u011fini s\u00f6yledi.<\/p>\n<p><a href=\"http:\/\/www.sana.sy\/tr\/wp-content\/uploads\/2016\/08\/4-45.jpg\"><img loading=\"lazy\" decoding=\"async\" class=\"alignright wp-image-84748 size-medium\" src=\"http:\/\/www.sana.sy\/tr\/wp-content\/uploads\/2016\/08\/4-45-300x200.jpg\" alt=\"4\" width=\"300\" height=\"200\" srcset=\"https:\/\/archive.sana.sy\/tr\/wp-content\/uploads\/2016\/08\/4-45-300x200.jpg 300w, https:\/\/archive.sana.sy\/tr\/wp-content\/uploads\/2016\/08\/4-45-150x100.jpg 150w, https:\/\/archive.sana.sy\/tr\/wp-content\/uploads\/2016\/08\/4-45-768x511.jpg 768w, https:\/\/archive.sana.sy\/tr\/wp-content\/uploads\/2016\/08\/4-45-1024x681.jpg 1024w\" sizes=\"auto, (max-width: 300px) 100vw, 300px\" \/><\/a>Azb \u00f6zellikle \u015eam Valili\u011fi olmak \u00fczere ilgili kurumlar\u0131n kampanyan\u0131n faaliyetlerinde sergiledikleri i\u015fbirli\u011fini \u00f6verken, muhtelif sanatsal ve e\u011flencesel faaliyetlerin \u015eam\u2019daki be\u015f merkezde d\u00fczenlenmelerinden amac\u0131n, \u015fehit ve yaral\u0131 askerlerin ailelerine yak\u0131n olmak oldu\u011funu ifade etti. Faaliyetlerde \u015fehit ve yaral\u0131 kahramanlar\u0131m\u0131z\u0131n \u00e7ocuklar\u0131na verilen sosyal deste\u011fe dikkat \u00e7eken Azb, yeteneklerinin de geli\u015ftirilmesine katk\u0131 sa\u011flayan bu faaliyetlerin sonunda kat\u0131l\u0131mc\u0131lara \u00f6d\u00fcl t\u00f6reni d\u00fczenlenece\u011fini s\u00f6zlerine ekledi.<\/p>\n<p>Kampanyaya bir dizi \u00fcniversite ve enstit\u00fcden kat\u0131lanlar, \u015fehit ve yaral\u0131 kahramanlar\u0131m\u0131z\u0131n \u00e7ocuklar\u0131na kendi uzmanl\u0131klar\u0131 kapsam\u0131nda destek vermenin bir onur kayna\u011f\u0131 oldu\u011funu ifade etti.<\/p>\n<div id='gallery-1' class='gallery galleryid-84728 gallery-columns-3 gallery-size-thumbnail'><figure class='gallery-item'>\n\t\t\t<div class='gallery-icon landscape'>\n\t\t\t\t<a href='https:\/\/archive.sana.sy\/tr\/wp-content\/uploads\/2016\/08\/5-42.jpg'><img loading=\"lazy\" decoding=\"async\" width=\"150\" height=\"100\" src=\"https:\/\/archive.sana.sy\/tr\/wp-content\/uploads\/2016\/08\/5-42-150x100.jpg\" class=\"attachment-thumbnail size-thumbnail\" alt=\"\" srcset=\"https:\/\/archive.sana.sy\/tr\/wp-content\/uploads\/2016\/08\/5-42-150x100.jpg 150w, https:\/\/archive.sana.sy\/tr\/wp-content\/uploads\/2016\/08\/5-42-300x200.jpg 300w, https:\/\/archive.sana.sy\/tr\/wp-content\/uploads\/2016\/08\/5-42-768x511.jpg 768w, https:\/\/archive.sana.sy\/tr\/wp-content\/uploads\/2016\/08\/5-42-1024x681.jpg 1024w, https:\/\/archive.sana.sy\/tr\/wp-content\/uploads\/2016\/08\/5-42-310x205.jpg 310w\" sizes=\"auto, (max-width: 150px) 100vw, 150px\" \/><\/a>\n\t\t\t<\/div><\/figure><figure class='gallery-item'>\n\t\t\t<div class='gallery-icon landscape'>\n\t\t\t\t<a href='https:\/\/archive.sana.sy\/tr\/wp-content\/uploads\/2016\/08\/1-83.jpg'><img loading=\"lazy\" decoding=\"async\" width=\"150\" height=\"100\" src=\"https:\/\/archive.sana.sy\/tr\/wp-content\/uploads\/2016\/08\/1-83-150x100.jpg\" class=\"attachment-thumbnail size-thumbnail\" alt=\"\" srcset=\"https:\/\/archive.sana.sy\/tr\/wp-content\/uploads\/2016\/08\/1-83-150x100.jpg 150w, https:\/\/archive.sana.sy\/tr\/wp-content\/uploads\/2016\/08\/1-83-300x200.jpg 300w, https:\/\/archive.sana.sy\/tr\/wp-content\/uploads\/2016\/08\/1-83-768x511.jpg 768w, https:\/\/archive.sana.sy\/tr\/wp-content\/uploads\/2016\/08\/1-83-1024x681.jpg 1024w, https:\/\/archive.sana.sy\/tr\/wp-content\/uploads\/2016\/08\/1-83-310x205.jpg 310w\" sizes=\"auto, (max-width: 150px) 100vw, 150px\" \/><\/a>\n\t\t\t<\/div><\/figure><figure class='gallery-item'>\n\t\t\t<div class='gallery-icon landscape'>\n\t\t\t\t<a href='https:\/\/archive.sana.sy\/tr\/wp-content\/uploads\/2016\/08\/3-52.jpg'><img loading=\"lazy\" decoding=\"async\" width=\"150\" height=\"100\" src=\"https:\/\/archive.sana.sy\/tr\/wp-content\/uploads\/2016\/08\/3-52-150x100.jpg\" class=\"attachment-thumbnail size-thumbnail\" alt=\"\" srcset=\"https:\/\/archive.sana.sy\/tr\/wp-content\/uploads\/2016\/08\/3-52-150x100.jpg 150w, https:\/\/archive.sana.sy\/tr\/wp-content\/uploads\/2016\/08\/3-52-300x200.jpg 300w, https:\/\/archive.sana.sy\/tr\/wp-content\/uploads\/2016\/08\/3-52-768x511.jpg 768w, https:\/\/archive.sana.sy\/tr\/wp-content\/uploads\/2016\/08\/3-52-1024x681.jpg 1024w, https:\/\/archive.sana.sy\/tr\/wp-content\/uploads\/2016\/08\/3-52-310x205.jpg 310w\" sizes=\"auto, (max-width: 150px) 100vw, 150px\" \/><\/a>\n\t\t\t<\/div><\/figure>\n\t\t<\/div>\n\n<p>https:\/\/youtu.be\/3DHK_PKIhDA<\/p>\n<p>R.H.<\/p>\n","protected":false},"excerpt":{"rendered":"<p>\u015eAM \u2013 Ulusal \u00d6\u011frenci Birli\u011finin d\u00fczenledi\u011fi \u2018G\u00fcne\u015fin \u00c7ocuklar\u0131\u2019 kampanyas\u0131 bug\u00fcn \u015eam\u2019\u0131n Mezze Semtindeki Sanat E\u011fitim ve Uygulama Enstit\u00fcs\u00fcndeki Tiyatro Salonunda \u2018K\u00fc\u00e7\u00fck Babalar\u2019 adl\u0131 oyunla faaliyetlerini s\u00fcrd\u00fcrd\u00fc. \u00d6\u011frenici Birli\u011finin \u015eam \u015eube Ba\u015fkan\u0131 Firas el Azb bas\u0131na yapt\u0131\u011f\u0131 a\u00e7\u0131klamada; kampanyan\u0131n ilk y\u0131l\u0131nda oldu\u011funa i\u015faret ederken, \u00f6\u011fretim y\u0131l\u0131 ve \u00f6n\u00fcm\u00fczdeki yaz tatili boyunca devam edece\u011fini s\u00f6yledi. Azb \u00f6zellikle &hellip;<\/p>\n","protected":false},"author":1,"featured_media":84745,"comment_status":"closed","ping_status":"closed","sticky":false,"template":"","format":"standard","meta":{"footnotes":""},"categories":[516,479,511,17988,478],"tags":[23377],"class_list":["post-84728","post","type-post","status-publish","format-standard","has-post-thumbnail","","category-haberler-kultur-ve-sanat","category-haberler-yerel","category-kultur-ve-sanat","category-son-haberler","category-yerel","tag-gunesin-cocuklari-faaliyetlerini-surduruyor"],"_links":{"self":[{"href":"https:\/\/archive.sana.sy\/tr\/index.php?rest_route=\/wp\/v2\/posts\/84728","targetHints":{"allow":["GET"]}}],"collection":[{"href":"https:\/\/archive.sana.sy\/tr\/index.php?rest_route=\/wp\/v2\/posts"}],"about":[{"href":"https:\/\/archive.sana.sy\/tr\/index.php?rest_route=\/wp\/v2\/types\/post"}],"author":[{"embeddable":true,"href":"https:\/\/archive.sana.sy\/tr\/index.php?rest_route=\/wp\/v2\/users\/1"}],"replies":[{"embeddable":true,"href":"https:\/\/archive.sana.sy\/tr\/index.php?rest_route=%2Fwp%2Fv2%2Fcomments&post=84728"}],"version-history":[{"count":0,"href":"https:\/\/archive.sana.sy\/tr\/index.php?rest_route=\/wp\/v2\/posts\/84728\/revisions"}],"wp:featuredmedia":[{"embeddable":true,"href":"https:\/\/archive.sana.sy\/tr\/index.php?rest_route=\/wp\/v2\/media\/84745"}],"wp:attachment":[{"href":"https:\/\/archive.sana.sy\/tr\/index.php?rest_route=%2Fwp%2Fv2%2Fmedia&parent=84728"}],"wp:term":[{"taxonomy":"category","embeddable":true,"href":"https:\/\/archive.sana.sy\/tr\/index.php?rest_route=%2Fwp%2Fv2%2Fcategories&post=84728"},{"taxonomy":"post_tag","embeddable":true,"href":"https:\/\/archive.sana.sy\/tr\/index.php?rest_route=%2Fwp%2Fv2%2Ftags&post=84728"}],"curies":[{"name":"wp","href":"https:\/\/api.w.org\/{rel}","templated":true}]}}