{"id":84746,"date":"2016-08-23T11:08:41","date_gmt":"2016-08-23T08:08:41","guid":{"rendered":"http:\/\/www.sana.sy\/tr\/?p=84746"},"modified":"2016-08-24T10:50:37","modified_gmt":"2016-08-24T07:50:37","slug":"kosullu-destek-teklifinde-bulundu","status":"publish","type":"post","link":"https:\/\/archive.sana.sy\/tr\/?p=84746","title":{"rendered":"Ko\u015fullu Destek Teklifinde Bulundu"},"content":{"rendered":"<p>BEYRUT \u2013 Suriye ve halk\u0131na d\u00fc\u015fmanl\u0131\u011f\u0131yla bilinen Vahhabi Suudi Arabistan rejimi; Suriye ordusuna kar\u015f\u0131 sald\u0131r\u0131lar\u0131n\u0131 s\u00fcrd\u00fcrmeleri ko\u015fuluyla K\u00fcrdistan \u0130\u015f\u00e7i Partisinin askeri kanad\u0131na para ve silah deste\u011finde bulunma teklifinde bulundu.<\/p>\n<p>S\u00f6z konusu silahl\u0131 gruplara yak\u0131n kaynaklar L\u00fcbnanl\u0131 Sefir Gazetesinin aktard\u0131klar\u0131 a\u00e7\u0131klamalar\u0131nda; Suudili resmi yetkililer ile silahl\u0131 gruplardan temsilcilerin bir araya geldikleri toplant\u0131da Al Suud rejimi yetkililerin silahl\u0131 gruplara bu teklifi sunduklar\u0131n\u0131 belirtti.<\/p>\n<p>Kaynaklar Suudi rejiminin K\u00fcrdistan \u0130\u015f\u00e7i Partisinin askeri kanad\u0131 ve m\u00fcttefikleri olan di\u011fer silahl\u0131 gruplara bulundu\u011fu bu teklifin ilk olmad\u0131\u011f\u0131na dikkat \u00e7ekti. Suudi rejiminin daha \u00f6nce de s\u00f6z konusu silahl\u0131 gruplarla bir\u00e7ok kez temasa ge\u00e7ti\u011fini belirten kaynaklar; vahahbi yetkililerin askeri ve mali destek sunmak i\u00e7in istedi\u011fi yegane ko\u015fulun, K\u00fcrtlerin bulunduklar\u0131 t\u00fcm b\u00f6lgelerde Suriye ordusuna kar\u015f\u0131 sald\u0131r\u0131 eylemlerinde bulunmak oldu\u011funun alt\u0131n\u0131 \u00e7izdi.<\/p>\n","protected":false},"excerpt":{"rendered":"<p>BEYRUT \u2013 Suriye ve halk\u0131na d\u00fc\u015fmanl\u0131\u011f\u0131yla bilinen Vahhabi Suudi Arabistan rejimi; Suriye ordusuna kar\u015f\u0131 sald\u0131r\u0131lar\u0131n\u0131 s\u00fcrd\u00fcrmeleri ko\u015fuluyla K\u00fcrdistan \u0130\u015f\u00e7i Partisinin askeri kanad\u0131na para ve silah deste\u011finde bulunma teklifinde bulundu. S\u00f6z konusu silahl\u0131 gruplara yak\u0131n kaynaklar L\u00fcbnanl\u0131 Sefir Gazetesinin aktard\u0131klar\u0131 a\u00e7\u0131klamalar\u0131nda; Suudili resmi yetkililer ile silahl\u0131 gruplardan temsilcilerin bir araya geldikleri toplant\u0131da Al Suud rejimi yetkililerin &hellip;<\/p>\n","protected":false},"author":1,"featured_media":84753,"comment_status":"closed","ping_status":"closed","sticky":false,"template":"","format":"standard","meta":{"footnotes":""},"categories":[558,556,458,459,17988],"tags":[],"class_list":["post-84746","post","type-post","status-publish","format-standard","has-post-thumbnail","","category-arap-basini","category-basin","category-dunya1","category-haberler-arap-uluslararasi-politika","category-son-haberler"],"_links":{"self":[{"href":"https:\/\/archive.sana.sy\/tr\/index.php?rest_route=\/wp\/v2\/posts\/84746","targetHints":{"allow":["GET"]}}],"collection":[{"href":"https:\/\/archive.sana.sy\/tr\/index.php?rest_route=\/wp\/v2\/posts"}],"about":[{"href":"https:\/\/archive.sana.sy\/tr\/index.php?rest_route=\/wp\/v2\/types\/post"}],"author":[{"embeddable":true,"href":"https:\/\/archive.sana.sy\/tr\/index.php?rest_route=\/wp\/v2\/users\/1"}],"replies":[{"embeddable":true,"href":"https:\/\/archive.sana.sy\/tr\/index.php?rest_route=%2Fwp%2Fv2%2Fcomments&post=84746"}],"version-history":[{"count":0,"href":"https:\/\/archive.sana.sy\/tr\/index.php?rest_route=\/wp\/v2\/posts\/84746\/revisions"}],"wp:featuredmedia":[{"embeddable":true,"href":"https:\/\/archive.sana.sy\/tr\/index.php?rest_route=\/wp\/v2\/media\/84753"}],"wp:attachment":[{"href":"https:\/\/archive.sana.sy\/tr\/index.php?rest_route=%2Fwp%2Fv2%2Fmedia&parent=84746"}],"wp:term":[{"taxonomy":"category","embeddable":true,"href":"https:\/\/archive.sana.sy\/tr\/index.php?rest_route=%2Fwp%2Fv2%2Fcategories&post=84746"},{"taxonomy":"post_tag","embeddable":true,"href":"https:\/\/archive.sana.sy\/tr\/index.php?rest_route=%2Fwp%2Fv2%2Ftags&post=84746"}],"curies":[{"name":"wp","href":"https:\/\/api.w.org\/{rel}","templated":true}]}}