{"id":84761,"date":"2016-08-23T15:27:00","date_gmt":"2016-08-23T12:27:00","guid":{"rendered":"http:\/\/www.sana.sy\/tr\/?p=84761"},"modified":"2016-08-24T10:50:49","modified_gmt":"2016-08-24T07:50:49","slug":"yine-elektrik-istasyonuna-saldirdilar-2","status":"publish","type":"post","link":"https:\/\/archive.sana.sy\/tr\/?p=84761","title":{"rendered":"Yine Elektrik \u0130stasyonuna Sald\u0131rd\u0131lar"},"content":{"rendered":"<p>HAMA \u2013 Silahl\u0131 ter\u00f6r \u00f6rg\u00fctleri bug\u00fcn hama k\u0131rsal\u0131n\u0131n g\u00fcneyinde yer alan Zara Elektrik \u0130stasyonuna bir kez daha f\u00fczelerle sald\u0131rd\u0131lar.<\/p>\n<p>Elektrik Bakanl\u0131\u011f\u0131nda yetkili bir kaynak SANA\u2019ya a\u00e7\u0131klamas\u0131nda; ter\u00f6ristlerin istasyonu 2 f\u00fczeyle hedef almalar\u0131 sonucunda ana trafonun hasar g\u00f6rd\u00fc\u011f\u00fcn\u00fc, be\u015feri isabetlerin olmad\u0131\u011f\u0131n\u0131 belirtti.<\/p>\n<p>Ahrar el \u015eam ve Nusra Cephesi ba\u015fta olmak \u00fczere ter\u00f6r \u00f6rg\u00fctleri s\u00fcrekli olarak Zara Elektrik \u0130stasyonuna f\u00fcze sald\u0131r\u0131lar\u0131nda bulunmaktalar.<\/p>\n","protected":false},"excerpt":{"rendered":"<p>HAMA \u2013 Silahl\u0131 ter\u00f6r \u00f6rg\u00fctleri bug\u00fcn hama k\u0131rsal\u0131n\u0131n g\u00fcneyinde yer alan Zara Elektrik \u0130stasyonuna bir kez daha f\u00fczelerle sald\u0131rd\u0131lar. Elektrik Bakanl\u0131\u011f\u0131nda yetkili bir kaynak SANA\u2019ya a\u00e7\u0131klamas\u0131nda; ter\u00f6ristlerin istasyonu 2 f\u00fczeyle hedef almalar\u0131 sonucunda ana trafonun hasar g\u00f6rd\u00fc\u011f\u00fcn\u00fc, be\u015feri isabetlerin olmad\u0131\u011f\u0131n\u0131 belirtti. Ahrar el \u015eam ve Nusra Cephesi ba\u015fta olmak \u00fczere ter\u00f6r \u00f6rg\u00fctleri s\u00fcrekli olarak Zara &hellip;<\/p>\n","protected":false},"author":1,"featured_media":83596,"comment_status":"closed","ping_status":"closed","sticky":false,"template":"","format":"standard","meta":{"footnotes":""},"categories":[479,575,17988,478],"tags":[22374],"class_list":["post-84761","post","type-post","status-publish","format-standard","has-post-thumbnail","","category-haberler-yerel","category-olaylar-ve-gercekler","category-son-haberler","category-yerel","tag-yine-elektrik-istasyonuna-saldirdilar"],"_links":{"self":[{"href":"https:\/\/archive.sana.sy\/tr\/index.php?rest_route=\/wp\/v2\/posts\/84761","targetHints":{"allow":["GET"]}}],"collection":[{"href":"https:\/\/archive.sana.sy\/tr\/index.php?rest_route=\/wp\/v2\/posts"}],"about":[{"href":"https:\/\/archive.sana.sy\/tr\/index.php?rest_route=\/wp\/v2\/types\/post"}],"author":[{"embeddable":true,"href":"https:\/\/archive.sana.sy\/tr\/index.php?rest_route=\/wp\/v2\/users\/1"}],"replies":[{"embeddable":true,"href":"https:\/\/archive.sana.sy\/tr\/index.php?rest_route=%2Fwp%2Fv2%2Fcomments&post=84761"}],"version-history":[{"count":0,"href":"https:\/\/archive.sana.sy\/tr\/index.php?rest_route=\/wp\/v2\/posts\/84761\/revisions"}],"wp:featuredmedia":[{"embeddable":true,"href":"https:\/\/archive.sana.sy\/tr\/index.php?rest_route=\/wp\/v2\/media\/83596"}],"wp:attachment":[{"href":"https:\/\/archive.sana.sy\/tr\/index.php?rest_route=%2Fwp%2Fv2%2Fmedia&parent=84761"}],"wp:term":[{"taxonomy":"category","embeddable":true,"href":"https:\/\/archive.sana.sy\/tr\/index.php?rest_route=%2Fwp%2Fv2%2Fcategories&post=84761"},{"taxonomy":"post_tag","embeddable":true,"href":"https:\/\/archive.sana.sy\/tr\/index.php?rest_route=%2Fwp%2Fv2%2Ftags&post=84761"}],"curies":[{"name":"wp","href":"https:\/\/api.w.org\/{rel}","templated":true}]}}