{"id":84783,"date":"2016-08-23T17:10:49","date_gmt":"2016-08-23T14:10:49","guid":{"rendered":"http:\/\/www.sana.sy\/tr\/?p=84783"},"modified":"2016-08-23T17:08:33","modified_gmt":"2016-08-23T14:08:33","slug":"yoksul-ailelere-tuketim-yardimlarinin-dagitilmasinda-akilli-kart-cikarma-karari-alan-hukumet-bu-kartin-hazirlanmasi-icin-iletisim-ve-teknoloji-bakani-baskanliginda-bir-komitenin-kurulmasi-karari-aldi","status":"publish","type":"post","link":"https:\/\/archive.sana.sy\/tr\/?p=84783","title":{"rendered":"Yoksul ailelere t\u00fcketim yard\u0131mlar\u0131n\u0131n da\u011f\u0131t\u0131lmas\u0131nda ak\u0131ll\u0131 kart \u00e7\u0131karma karar\u0131 alan h\u00fck\u00fcmet; bu kart\u0131n haz\u0131rlanmas\u0131 i\u00e7in ileti\u015fim ve teknoloji bakan\u0131 ba\u015fkanl\u0131\u011f\u0131nda bir komitenin kurulmas\u0131 karar\u0131 ald\u0131"},"content":{"rendered":"<p>Yoksul ailelere t\u00fcketim yard\u0131mlar\u0131n\u0131n da\u011f\u0131t\u0131lmas\u0131nda ak\u0131ll\u0131 kart \u00e7\u0131karma karar\u0131 alan h\u00fck\u00fcmet; bu kart\u0131n haz\u0131rlanmas\u0131 i\u00e7in ileti\u015fim ve teknoloji bakan\u0131 ba\u015fkanl\u0131\u011f\u0131nda bir komitenin kurulmas\u0131 karar\u0131 ald\u0131<\/p>\n","protected":false},"excerpt":{"rendered":"<p>Yoksul ailelere t\u00fcketim yard\u0131mlar\u0131n\u0131n da\u011f\u0131t\u0131lmas\u0131nda ak\u0131ll\u0131 kart \u00e7\u0131karma karar\u0131 alan h\u00fck\u00fcmet; bu kart\u0131n haz\u0131rlanmas\u0131 i\u00e7in ileti\u015fim ve teknoloji bakan\u0131 ba\u015fkanl\u0131\u011f\u0131nda bir komitenin kurulmas\u0131 karar\u0131 ald\u0131<\/p>\n","protected":false},"author":1,"featured_media":0,"comment_status":"closed","ping_status":"closed","sticky":false,"template":"","format":"standard","meta":{"footnotes":""},"categories":[17991],"tags":[],"class_list":["post-84783","post","type-post","status-publish","format-standard","","category-son-dakika"],"_links":{"self":[{"href":"https:\/\/archive.sana.sy\/tr\/index.php?rest_route=\/wp\/v2\/posts\/84783","targetHints":{"allow":["GET"]}}],"collection":[{"href":"https:\/\/archive.sana.sy\/tr\/index.php?rest_route=\/wp\/v2\/posts"}],"about":[{"href":"https:\/\/archive.sana.sy\/tr\/index.php?rest_route=\/wp\/v2\/types\/post"}],"author":[{"embeddable":true,"href":"https:\/\/archive.sana.sy\/tr\/index.php?rest_route=\/wp\/v2\/users\/1"}],"replies":[{"embeddable":true,"href":"https:\/\/archive.sana.sy\/tr\/index.php?rest_route=%2Fwp%2Fv2%2Fcomments&post=84783"}],"version-history":[{"count":0,"href":"https:\/\/archive.sana.sy\/tr\/index.php?rest_route=\/wp\/v2\/posts\/84783\/revisions"}],"wp:attachment":[{"href":"https:\/\/archive.sana.sy\/tr\/index.php?rest_route=%2Fwp%2Fv2%2Fmedia&parent=84783"}],"wp:term":[{"taxonomy":"category","embeddable":true,"href":"https:\/\/archive.sana.sy\/tr\/index.php?rest_route=%2Fwp%2Fv2%2Fcategories&post=84783"},{"taxonomy":"post_tag","embeddable":true,"href":"https:\/\/archive.sana.sy\/tr\/index.php?rest_route=%2Fwp%2Fv2%2Ftags&post=84783"}],"curies":[{"name":"wp","href":"https:\/\/api.w.org\/{rel}","templated":true}]}}