{"id":84785,"date":"2016-08-23T17:21:31","date_gmt":"2016-08-23T14:21:31","guid":{"rendered":"http:\/\/www.sana.sy\/tr\/?p=84785"},"modified":"2016-08-24T10:51:14","modified_gmt":"2016-08-24T07:51:14","slug":"hukumet-gundeminde-yer-alan-bir-dizi-karari-onayladi","status":"publish","type":"post","link":"https:\/\/archive.sana.sy\/tr\/?p=84785","title":{"rendered":"H\u00fck\u00fcmet G\u00fcndeminde Yer Alan Bir Dizi Karar\u0131 Onaylad\u0131"},"content":{"rendered":"<p>\u015eAM \u2013 Ba\u015fbakan \u0130mad Hamis Ba\u015fkanl\u0131\u011f\u0131nda bug\u00fcn haftal\u0131k ola\u011fan toplant\u0131s\u0131n\u0131 d\u00fczenleyen h\u00fck\u00fcmet, vatanda\u015flar\u0131n ac\u0131lar\u0131n\u0131 hafifletme ve ihtiya\u00e7lar\u0131n\u0131n kar\u015f\u0131lanmas\u0131n\u0131 kolayla\u015ft\u0131rma amac\u0131yla bir dizi karar\u0131 onaylad\u0131.<\/p>\n<p><a href=\"http:\/\/www.sana.sy\/tr\/wp-content\/uploads\/2016\/08\/Hamis-6.jpg\"><img loading=\"lazy\" decoding=\"async\" class=\"alignright wp-image-84788 size-medium\" src=\"http:\/\/www.sana.sy\/tr\/wp-content\/uploads\/2016\/08\/Hamis-6-300x200.jpg\" alt=\"Hamis\" width=\"300\" height=\"200\" srcset=\"https:\/\/archive.sana.sy\/tr\/wp-content\/uploads\/2016\/08\/Hamis-6-300x200.jpg 300w, https:\/\/archive.sana.sy\/tr\/wp-content\/uploads\/2016\/08\/Hamis-6-150x100.jpg 150w, https:\/\/archive.sana.sy\/tr\/wp-content\/uploads\/2016\/08\/Hamis-6-768x511.jpg 768w, https:\/\/archive.sana.sy\/tr\/wp-content\/uploads\/2016\/08\/Hamis-6-1024x681.jpg 1024w\" sizes=\"auto, (max-width: 300px) 100vw, 300px\" \/><\/a>H\u00fck\u00fcmet vatanda\u015flar\u0131n ihtiya\u00e7lar\u0131n\u0131n kar\u015f\u0131lanmas\u0131 ve fiyat art\u0131\u015f\u0131n\u0131n \u00f6n\u00fcne ge\u00e7ilmesine katk\u0131 sa\u011flamas\u0131 itibar\u0131yla ithalat maliyetini d\u00fc\u015f\u00fcrmek i\u00e7in ithalat\u00e7\u0131lar\u0131 \u00f6dedikleri %25 oran\u0131nda har\u00e7tan muaf tutma karar\u0131 ald\u0131.<\/p>\n<p>\u0130thalat ihracat\u0131n denetlenip organize edilmesi amac\u0131yla da h\u00fck\u00fcmet; ithalat ruhsat\u0131 verme kriterleri ve ko\u015fullar\u0131n\u0131 \u00f6ng\u00f6ren karar\u0131 onaylad\u0131.<\/p>\n<p>Yoksul ailelere t\u00fcketim yard\u0131mlar\u0131n\u0131n da\u011f\u0131t\u0131lmas\u0131nda ak\u0131ll\u0131 kart \u00e7\u0131karma karar\u0131 alan h\u00fck\u00fcmet; bu kart\u0131n haz\u0131rlanmas\u0131 i\u00e7in ileti\u015fim ve teknoloji bakan\u0131 ba\u015fkanl\u0131\u011f\u0131nda bir komitenin kurulmas\u0131 karar\u0131 ald\u0131.<\/p>\n","protected":false},"excerpt":{"rendered":"<p>\u015eAM \u2013 Ba\u015fbakan \u0130mad Hamis Ba\u015fkanl\u0131\u011f\u0131nda bug\u00fcn haftal\u0131k ola\u011fan toplant\u0131s\u0131n\u0131 d\u00fczenleyen h\u00fck\u00fcmet, vatanda\u015flar\u0131n ac\u0131lar\u0131n\u0131 hafifletme ve ihtiya\u00e7lar\u0131n\u0131n kar\u015f\u0131lanmas\u0131n\u0131 kolayla\u015ft\u0131rma amac\u0131yla bir dizi karar\u0131 onaylad\u0131. H\u00fck\u00fcmet vatanda\u015flar\u0131n ihtiya\u00e7lar\u0131n\u0131n kar\u015f\u0131lanmas\u0131 ve fiyat art\u0131\u015f\u0131n\u0131n \u00f6n\u00fcne ge\u00e7ilmesine katk\u0131 sa\u011flamas\u0131 itibar\u0131yla ithalat maliyetini d\u00fc\u015f\u00fcrmek i\u00e7in ithalat\u00e7\u0131lar\u0131 \u00f6dedikleri %25 oran\u0131nda har\u00e7tan muaf tutma karar\u0131 ald\u0131. \u0130thalat ihracat\u0131n denetlenip organize edilmesi amac\u0131yla &hellip;<\/p>\n","protected":false},"author":1,"featured_media":84787,"comment_status":"closed","ping_status":"closed","sticky":false,"template":"","format":"standard","meta":{"footnotes":""},"categories":[479,17988,478],"tags":[23383,23382],"class_list":["post-84785","post","type-post","status-publish","format-standard","has-post-thumbnail","","category-haberler-yerel","category-son-haberler","category-yerel","tag-basbakan-imad-hamis-baskanliginda-bugun-haftalik-olagan-toplantisini-duzenleyen-hukumet","tag-hukumet-gundeminde-yer-alan-bir-dizi-karari-onayladi"],"_links":{"self":[{"href":"https:\/\/archive.sana.sy\/tr\/index.php?rest_route=\/wp\/v2\/posts\/84785","targetHints":{"allow":["GET"]}}],"collection":[{"href":"https:\/\/archive.sana.sy\/tr\/index.php?rest_route=\/wp\/v2\/posts"}],"about":[{"href":"https:\/\/archive.sana.sy\/tr\/index.php?rest_route=\/wp\/v2\/types\/post"}],"author":[{"embeddable":true,"href":"https:\/\/archive.sana.sy\/tr\/index.php?rest_route=\/wp\/v2\/users\/1"}],"replies":[{"embeddable":true,"href":"https:\/\/archive.sana.sy\/tr\/index.php?rest_route=%2Fwp%2Fv2%2Fcomments&post=84785"}],"version-history":[{"count":0,"href":"https:\/\/archive.sana.sy\/tr\/index.php?rest_route=\/wp\/v2\/posts\/84785\/revisions"}],"wp:featuredmedia":[{"embeddable":true,"href":"https:\/\/archive.sana.sy\/tr\/index.php?rest_route=\/wp\/v2\/media\/84787"}],"wp:attachment":[{"href":"https:\/\/archive.sana.sy\/tr\/index.php?rest_route=%2Fwp%2Fv2%2Fmedia&parent=84785"}],"wp:term":[{"taxonomy":"category","embeddable":true,"href":"https:\/\/archive.sana.sy\/tr\/index.php?rest_route=%2Fwp%2Fv2%2Fcategories&post=84785"},{"taxonomy":"post_tag","embeddable":true,"href":"https:\/\/archive.sana.sy\/tr\/index.php?rest_route=%2Fwp%2Fv2%2Ftags&post=84785"}],"curies":[{"name":"wp","href":"https:\/\/api.w.org\/{rel}","templated":true}]}}