{"id":84833,"date":"2016-08-24T13:23:56","date_gmt":"2016-08-24T10:23:56","guid":{"rendered":"http:\/\/www.sana.sy\/tr\/?p=84833"},"modified":"2016-08-24T13:23:56","modified_gmt":"2016-08-24T10:23:56","slug":"ordu-birliklerimiz-halep-kirsalinin-guneyinde-fetih-ordusuna-tabi-cok-sayida-teroristi-araclariyla-birlikte-etkisiz-hale-getirdi","status":"publish","type":"post","link":"https:\/\/archive.sana.sy\/tr\/?p=84833","title":{"rendered":"Ordu birliklerimiz Halep k\u0131rsal\u0131n\u0131n g\u00fcneyinde \u2018Fetih Ordusu\u2019na tabi \u00e7ok say\u0131da ter\u00f6risti ara\u00e7lar\u0131yla birlikte etkisiz hale getirdi"},"content":{"rendered":"<p>Ordu birliklerimiz Halep k\u0131rsal\u0131n\u0131n g\u00fcneyinde \u2018Fetih Ordusu\u2019na tabi \u00e7ok say\u0131da ter\u00f6risti ara\u00e7lar\u0131yla birlikte etkisiz hale getirdi<\/p>\n<p>https:\/\/www.youtube.com\/watch?v=ZXsNkkilgFY<\/p>\n","protected":false},"excerpt":{"rendered":"<p>Ordu birliklerimiz Halep k\u0131rsal\u0131n\u0131n g\u00fcneyinde \u2018Fetih Ordusu\u2019na tabi \u00e7ok say\u0131da ter\u00f6risti ara\u00e7lar\u0131yla birlikte etkisiz hale getirdi https:\/\/www.youtube.com\/watch?v=ZXsNkkilgFY<\/p>\n","protected":false},"author":1,"featured_media":84836,"comment_status":"closed","ping_status":"closed","sticky":false,"template":"","format":"standard","meta":{"footnotes":""},"categories":[18295],"tags":[],"class_list":["post-84833","post","type-post","status-publish","format-standard","has-post-thumbnail","","category-sana-video"],"_links":{"self":[{"href":"https:\/\/archive.sana.sy\/tr\/index.php?rest_route=\/wp\/v2\/posts\/84833","targetHints":{"allow":["GET"]}}],"collection":[{"href":"https:\/\/archive.sana.sy\/tr\/index.php?rest_route=\/wp\/v2\/posts"}],"about":[{"href":"https:\/\/archive.sana.sy\/tr\/index.php?rest_route=\/wp\/v2\/types\/post"}],"author":[{"embeddable":true,"href":"https:\/\/archive.sana.sy\/tr\/index.php?rest_route=\/wp\/v2\/users\/1"}],"replies":[{"embeddable":true,"href":"https:\/\/archive.sana.sy\/tr\/index.php?rest_route=%2Fwp%2Fv2%2Fcomments&post=84833"}],"version-history":[{"count":0,"href":"https:\/\/archive.sana.sy\/tr\/index.php?rest_route=\/wp\/v2\/posts\/84833\/revisions"}],"wp:featuredmedia":[{"embeddable":true,"href":"https:\/\/archive.sana.sy\/tr\/index.php?rest_route=\/wp\/v2\/media\/84836"}],"wp:attachment":[{"href":"https:\/\/archive.sana.sy\/tr\/index.php?rest_route=%2Fwp%2Fv2%2Fmedia&parent=84833"}],"wp:term":[{"taxonomy":"category","embeddable":true,"href":"https:\/\/archive.sana.sy\/tr\/index.php?rest_route=%2Fwp%2Fv2%2Fcategories&post=84833"},{"taxonomy":"post_tag","embeddable":true,"href":"https:\/\/archive.sana.sy\/tr\/index.php?rest_route=%2Fwp%2Fv2%2Ftags&post=84833"}],"curies":[{"name":"wp","href":"https:\/\/api.w.org\/{rel}","templated":true}]}}