{"id":84848,"date":"2016-08-24T09:00:14","date_gmt":"2016-08-24T06:00:14","guid":{"rendered":"http:\/\/www.sana.sy\/tr\/?p=84848"},"modified":"2016-08-25T11:37:24","modified_gmt":"2016-08-25T08:37:24","slug":"sinir-otesi-tehlike-ozelligini-aliyor","status":"publish","type":"post","link":"https:\/\/archive.sana.sy\/tr\/?p=84848","title":{"rendered":"S\u0131n\u0131r \u00d6tesi Tehlike \u00d6zelli\u011fini Al\u0131yor"},"content":{"rendered":"<p>NEW YORK \u2013 Rusya&#8217;n\u0131n BM\u2019deki daimi temsilcisi Vitaly \u00c7urkin; I\u015e\u0130D ter\u00f6r \u00f6rg\u00fct\u00fcn\u00fcn kimyasal silah \u00fcretme g\u00fcc\u00fcne sahip olmas\u0131n\u0131n, kimyasal ve biyolojik ter\u00f6re kar\u015f\u0131 m\u00fccadelede uluslar aras\u0131 bir anla\u015fman\u0131n haz\u0131rlanmas\u0131 y\u00f6n\u00fcnde Rusya&#8217;n\u0131n bulundu\u011fu giri\u015fimin \u00f6nemini kan\u0131tlad\u0131\u011f\u0131n\u0131 belirtti.<\/p>\n<p>BMGK\u2019nin d\u00fcn d\u00fczenledi\u011fi oturumda konu\u015fan ve Rus Tass Ajans\u0131n\u0131n aktard\u0131\u011f\u0131 a\u00e7\u0131klamalar\u0131nda \u00c7urkin; radikal ter\u00f6ristlerin kimyasal silah \u00fcretme teknolojisi ve gerekli altyap\u0131ya sahip olduklar\u0131n\u0131 kan\u0131tlayan belgelerin bulundu\u011funu s\u00f6yledi.<\/p>\n<p>\u00c7urkin biyolojik ve kimyasal silah tehlikesinin s\u0131n\u0131rlar \u00f6tesi tehlike \u00f6zelli\u011fini almaya ba\u015flad\u0131\u011f\u0131na dikkat \u00e7ekerek, Rusya&#8217;n\u0131n bu tehlikeye kar\u015f\u0131 m\u00fccadele \u00e7abalar\u0131n\u0131n do\u011frulu\u011fu ve \u00f6neminin net bir \u015fekilde ortaya \u00e7\u0131kt\u0131\u011f\u0131n\u0131 ifade etti.<\/p>\n","protected":false},"excerpt":{"rendered":"<p>NEW YORK \u2013 Rusya&#8217;n\u0131n BM\u2019deki daimi temsilcisi Vitaly \u00c7urkin; I\u015e\u0130D ter\u00f6r \u00f6rg\u00fct\u00fcn\u00fcn kimyasal silah \u00fcretme g\u00fcc\u00fcne sahip olmas\u0131n\u0131n, kimyasal ve biyolojik ter\u00f6re kar\u015f\u0131 m\u00fccadelede uluslar aras\u0131 bir anla\u015fman\u0131n haz\u0131rlanmas\u0131 y\u00f6n\u00fcnde Rusya&#8217;n\u0131n bulundu\u011fu giri\u015fimin \u00f6nemini kan\u0131tlad\u0131\u011f\u0131n\u0131 belirtti. BMGK\u2019nin d\u00fcn d\u00fczenledi\u011fi oturumda konu\u015fan ve Rus Tass Ajans\u0131n\u0131n aktard\u0131\u011f\u0131 a\u00e7\u0131klamalar\u0131nda \u00c7urkin; radikal ter\u00f6ristlerin kimyasal silah \u00fcretme teknolojisi ve &hellip;<\/p>\n","protected":false},"author":1,"featured_media":47874,"comment_status":"closed","ping_status":"closed","sticky":false,"template":"","format":"standard","meta":{"footnotes":""},"categories":[458,459,17988],"tags":[23392,23391,23390],"class_list":["post-84848","post","type-post","status-publish","format-standard","has-post-thumbnail","","category-dunya1","category-haberler-arap-uluslararasi-politika","category-son-haberler","tag-isid-teror-orgutunun-kimyasal-silah-uretme-gucune-sahip-olmasini","tag-rusyanin-bmdeki-daimi-temsilcisi-vitaly-curkin","tag-sinir-otesi-tehlike-ozelligini-aliyor"],"_links":{"self":[{"href":"https:\/\/archive.sana.sy\/tr\/index.php?rest_route=\/wp\/v2\/posts\/84848","targetHints":{"allow":["GET"]}}],"collection":[{"href":"https:\/\/archive.sana.sy\/tr\/index.php?rest_route=\/wp\/v2\/posts"}],"about":[{"href":"https:\/\/archive.sana.sy\/tr\/index.php?rest_route=\/wp\/v2\/types\/post"}],"author":[{"embeddable":true,"href":"https:\/\/archive.sana.sy\/tr\/index.php?rest_route=\/wp\/v2\/users\/1"}],"replies":[{"embeddable":true,"href":"https:\/\/archive.sana.sy\/tr\/index.php?rest_route=%2Fwp%2Fv2%2Fcomments&post=84848"}],"version-history":[{"count":0,"href":"https:\/\/archive.sana.sy\/tr\/index.php?rest_route=\/wp\/v2\/posts\/84848\/revisions"}],"wp:featuredmedia":[{"embeddable":true,"href":"https:\/\/archive.sana.sy\/tr\/index.php?rest_route=\/wp\/v2\/media\/47874"}],"wp:attachment":[{"href":"https:\/\/archive.sana.sy\/tr\/index.php?rest_route=%2Fwp%2Fv2%2Fmedia&parent=84848"}],"wp:term":[{"taxonomy":"category","embeddable":true,"href":"https:\/\/archive.sana.sy\/tr\/index.php?rest_route=%2Fwp%2Fv2%2Fcategories&post=84848"},{"taxonomy":"post_tag","embeddable":true,"href":"https:\/\/archive.sana.sy\/tr\/index.php?rest_route=%2Fwp%2Fv2%2Ftags&post=84848"}],"curies":[{"name":"wp","href":"https:\/\/api.w.org\/{rel}","templated":true}]}}