{"id":84852,"date":"2016-08-24T10:00:25","date_gmt":"2016-08-24T07:00:25","guid":{"rendered":"http:\/\/www.sana.sy\/tr\/?p=84852"},"modified":"2016-08-25T11:37:40","modified_gmt":"2016-08-25T08:37:40","slug":"cuma-gunu-de-bir-araya-gelecekler","status":"publish","type":"post","link":"https:\/\/archive.sana.sy\/tr\/?p=84852","title":{"rendered":"Cuma G\u00fcn\u00fc de Bir Araya Gelecekler"},"content":{"rendered":"<p>MOSKOVA \u2013 Rusya D\u0131\u015fi\u015fleri Bakan\u0131 Sergey Lavrov ABD\u2019li mevkida\u015f\u0131 John Kerry ile bulundu\u011fu telefon g\u00f6r\u00fc\u015fmesinde Suriye&#8217;deki krize \u00e7\u00f6z\u00fcm bulman\u0131n yan\u0131 s\u0131ra ter\u00f6rle m\u00fccadelede Rusya ve ABD aras\u0131ndaki koordinasyon ufuklar\u0131n\u0131 ele ald\u0131.<\/p>\n<p>Rusya D\u0131\u015fi\u015fleri Bakanl\u0131\u011f\u0131 g\u00fcn\u00fcn erken saatlerinde yapt\u0131\u011f\u0131 a\u00e7\u0131klamada Lavrov ve Kerry\u2019nin bu ay\u0131n 26\u2019\u0131nda Cenevre&#8217;de bir araya geleceklerini ilan etti.<\/p>\n<p>Bakanl\u0131k s\u00f6zc\u00fcs\u00fc Sputnik Ajans\u0131n\u0131n aktard\u0131\u011f\u0131 a\u00e7\u0131klamalar\u0131nda Lavrov ve Kerry\u2019nin Cuma g\u00fcn\u00fc Suriye&#8217;deki krizi masaya yat\u0131racaklar\u0131n\u0131 ifade etti.<\/p>\n<p>Rus bakanl\u0131kta bir kaynak daha \u00f6nce; Cenevre&#8217;de Rusya ve ABD heyetleri aras\u0131nda devam eden temaslarda ilerlemenin olmas\u0131 halinde Lavrov ve Kerry\u2019nin bir araya gelebileceklerine dikkat \u00e7ekmi\u015fti.<\/p>\n","protected":false},"excerpt":{"rendered":"<p>MOSKOVA \u2013 Rusya D\u0131\u015fi\u015fleri Bakan\u0131 Sergey Lavrov ABD\u2019li mevkida\u015f\u0131 John Kerry ile bulundu\u011fu telefon g\u00f6r\u00fc\u015fmesinde Suriye&#8217;deki krize \u00e7\u00f6z\u00fcm bulman\u0131n yan\u0131 s\u0131ra ter\u00f6rle m\u00fccadelede Rusya ve ABD aras\u0131ndaki koordinasyon ufuklar\u0131n\u0131 ele ald\u0131. Rusya D\u0131\u015fi\u015fleri Bakanl\u0131\u011f\u0131 g\u00fcn\u00fcn erken saatlerinde yapt\u0131\u011f\u0131 a\u00e7\u0131klamada Lavrov ve Kerry\u2019nin bu ay\u0131n 26\u2019\u0131nda Cenevre&#8217;de bir araya geleceklerini ilan etti. Bakanl\u0131k s\u00f6zc\u00fcs\u00fc Sputnik Ajans\u0131n\u0131n &hellip;<\/p>\n","protected":false},"author":1,"featured_media":84856,"comment_status":"closed","ping_status":"closed","sticky":false,"template":"","format":"standard","meta":{"footnotes":""},"categories":[458,459,17988],"tags":[18512,23394,10651],"class_list":["post-84852","post","type-post","status-publish","format-standard","has-post-thumbnail","","category-dunya1","category-haberler-arap-uluslararasi-politika","category-son-haberler","tag-abdli-mevkidasi-john-kerry","tag-cuma-gunu-de-bir-araya-gelecekler","tag-rusya-disisleri-bakani-sergey-lavrov"],"_links":{"self":[{"href":"https:\/\/archive.sana.sy\/tr\/index.php?rest_route=\/wp\/v2\/posts\/84852","targetHints":{"allow":["GET"]}}],"collection":[{"href":"https:\/\/archive.sana.sy\/tr\/index.php?rest_route=\/wp\/v2\/posts"}],"about":[{"href":"https:\/\/archive.sana.sy\/tr\/index.php?rest_route=\/wp\/v2\/types\/post"}],"author":[{"embeddable":true,"href":"https:\/\/archive.sana.sy\/tr\/index.php?rest_route=\/wp\/v2\/users\/1"}],"replies":[{"embeddable":true,"href":"https:\/\/archive.sana.sy\/tr\/index.php?rest_route=%2Fwp%2Fv2%2Fcomments&post=84852"}],"version-history":[{"count":0,"href":"https:\/\/archive.sana.sy\/tr\/index.php?rest_route=\/wp\/v2\/posts\/84852\/revisions"}],"wp:featuredmedia":[{"embeddable":true,"href":"https:\/\/archive.sana.sy\/tr\/index.php?rest_route=\/wp\/v2\/media\/84856"}],"wp:attachment":[{"href":"https:\/\/archive.sana.sy\/tr\/index.php?rest_route=%2Fwp%2Fv2%2Fmedia&parent=84852"}],"wp:term":[{"taxonomy":"category","embeddable":true,"href":"https:\/\/archive.sana.sy\/tr\/index.php?rest_route=%2Fwp%2Fv2%2Fcategories&post=84852"},{"taxonomy":"post_tag","embeddable":true,"href":"https:\/\/archive.sana.sy\/tr\/index.php?rest_route=%2Fwp%2Fv2%2Ftags&post=84852"}],"curies":[{"name":"wp","href":"https:\/\/api.w.org\/{rel}","templated":true}]}}