{"id":84858,"date":"2016-08-24T09:01:45","date_gmt":"2016-08-24T06:01:45","guid":{"rendered":"http:\/\/www.sana.sy\/tr\/?p=84858"},"modified":"2016-08-24T13:55:26","modified_gmt":"2016-08-24T10:55:26","slug":"sanaya-aciklamasinda-askeri-kaynak-ordu-birliklerimizin-suveyda-kirsalinin-dogusu-rseyde-petrol-kuyulari-bolgesinde-isidli-radikal-teroristlere-ait-yakit-tankerlerinin-toplandiklari","status":"publish","type":"post","link":"https:\/\/archive.sana.sy\/tr\/?p=84858","title":{"rendered":"SANA\u2019ya a\u00e7\u0131klamas\u0131nda askeri kaynak ordu birliklerimizin S\u00fcveyda k\u0131rsal\u0131n\u0131n do\u011fusu R\u015feyde Petrol Kuyular\u0131 B\u00f6lgesinde I\u015e\u0130D\u2019li radikal ter\u00f6ristlere ait yak\u0131t tankerlerinin topland\u0131klar\u0131 bir mevkii muhtevalar\u0131yla imha ettiklerini aktard\u0131."},"content":{"rendered":"<p>SANA\u2019ya a\u00e7\u0131klamas\u0131nda askeri kaynak ordu birliklerimizin S\u00fcveyda k\u0131rsal\u0131n\u0131n do\u011fusu R\u015feyde Petrol Kuyular\u0131 B\u00f6lgesinde I\u015e\u0130D\u2019li radikal ter\u00f6ristlere ait yak\u0131t tankerlerinin topland\u0131klar\u0131 bir mevkii muhtevalar\u0131yla imha ettiklerini aktard\u0131.<\/p>\n","protected":false},"excerpt":{"rendered":"<p>SANA\u2019ya a\u00e7\u0131klamas\u0131nda askeri kaynak ordu birliklerimizin S\u00fcveyda k\u0131rsal\u0131n\u0131n do\u011fusu R\u015feyde Petrol Kuyular\u0131 B\u00f6lgesinde I\u015e\u0130D\u2019li radikal ter\u00f6ristlere ait yak\u0131t tankerlerinin topland\u0131klar\u0131 bir mevkii muhtevalar\u0131yla imha ettiklerini aktard\u0131.<\/p>\n","protected":false},"author":1,"featured_media":0,"comment_status":"closed","ping_status":"closed","sticky":false,"template":"","format":"standard","meta":{"footnotes":""},"categories":[17991],"tags":[],"class_list":["post-84858","post","type-post","status-publish","format-standard","","category-son-dakika"],"_links":{"self":[{"href":"https:\/\/archive.sana.sy\/tr\/index.php?rest_route=\/wp\/v2\/posts\/84858","targetHints":{"allow":["GET"]}}],"collection":[{"href":"https:\/\/archive.sana.sy\/tr\/index.php?rest_route=\/wp\/v2\/posts"}],"about":[{"href":"https:\/\/archive.sana.sy\/tr\/index.php?rest_route=\/wp\/v2\/types\/post"}],"author":[{"embeddable":true,"href":"https:\/\/archive.sana.sy\/tr\/index.php?rest_route=\/wp\/v2\/users\/1"}],"replies":[{"embeddable":true,"href":"https:\/\/archive.sana.sy\/tr\/index.php?rest_route=%2Fwp%2Fv2%2Fcomments&post=84858"}],"version-history":[{"count":0,"href":"https:\/\/archive.sana.sy\/tr\/index.php?rest_route=\/wp\/v2\/posts\/84858\/revisions"}],"wp:attachment":[{"href":"https:\/\/archive.sana.sy\/tr\/index.php?rest_route=%2Fwp%2Fv2%2Fmedia&parent=84858"}],"wp:term":[{"taxonomy":"category","embeddable":true,"href":"https:\/\/archive.sana.sy\/tr\/index.php?rest_route=%2Fwp%2Fv2%2Fcategories&post=84858"},{"taxonomy":"post_tag","embeddable":true,"href":"https:\/\/archive.sana.sy\/tr\/index.php?rest_route=%2Fwp%2Fv2%2Ftags&post=84858"}],"curies":[{"name":"wp","href":"https:\/\/api.w.org\/{rel}","templated":true}]}}