{"id":84860,"date":"2016-08-24T12:45:59","date_gmt":"2016-08-24T09:45:59","guid":{"rendered":"http:\/\/www.sana.sy\/tr\/?p=84860"},"modified":"2016-08-25T15:21:44","modified_gmt":"2016-08-25T12:21:44","slug":"turkiyenin-iddia-ettigi-gibi-terorle-mucadele-degildir","status":"publish","type":"post","link":"https:\/\/archive.sana.sy\/tr\/?p=84860","title":{"rendered":"T\u00fcrkiye&#8217;nin \u0130ddia Etti\u011fi Gibi Ter\u00f6rle M\u00fccadele De\u011fildir"},"content":{"rendered":"<p>\u015eAM \u2013 D\u0131\u015fi\u015fleri ve Gurbet\u00e7iler Bakanl\u0131\u011f\u0131nda yetkili bir kaynak Suriye Arap Cumhuriyetinin; Halep k\u0131rsal\u0131 Crablus Kenti yak\u0131nlar\u0131nda ABD\u2019nin komutas\u0131ndaki uluslar aras\u0131 koalisyon u\u00e7aklar\u0131n\u0131n deste\u011fi ile T\u00fcrk tanklar\u0131 ve z\u0131rhl\u0131 ara\u00e7lar\u0131n\u0131n Suriye topraklar\u0131na giri\u015flerini k\u0131nad\u0131\u011f\u0131n\u0131 belirtti.<\/p>\n<p>Kaynak SANA\u2019ya bug\u00fcn yapt\u0131\u011f\u0131 a\u00e7\u0131klamada Suriye&#8217;nin bunu egemenli\u011fine a\u00e7\u0131k bir ihlal olarak nitelendirdi\u011finin alt\u0131n\u0131 \u00e7izdi. Suriye&#8217;nin; ter\u00f6re kar\u015f\u0131 m\u00fccadelenin, I\u015e\u0130D\u2019i kovup yerine T\u00fcrkiye rejiminin destekledi\u011fi daha ba\u015fka ter\u00f6r \u00f6rg\u00fctleri yerle\u015ftirmekle olmayaca\u011f\u0131n\u0131n alt\u0131n\u0131 \u00e7izdi\u011fine dikkat \u00e7eken kaynak; muhtelif \u015fekilleri ve isimleriyle t\u00fcm ter\u00f6re kar\u015f\u0131 ciddi bir m\u00fccadelenin olmas\u0131 gere\u011finin de bir kez daha alt\u0131n\u0131 \u00e7izdi\u011fini kaydetti.<\/p>\n<p>Kaynak Suriye&#8217;nin ayr\u0131ca, Suriye topraklar\u0131nda herhangi bir taraf\u0131n ter\u00f6rle m\u00fccadelesinde, be\u015f y\u0131ldan fazla s\u00fcredir b\u00fcy\u00fck bir fedakarl\u0131k, tam bir ciddiyet ve kan\u0131tlanm\u0131\u015f ba\u015far\u0131larla ter\u00f6re kar\u015f\u0131 sava\u015fan Suriye ordusu ve h\u00fck\u00fcmeti ile mutlaka koordinasyon i\u00e7inde olmas\u0131 gere\u011fini vurgulad\u0131\u011f\u0131n\u0131n da alt\u0131n\u0131 \u00e7izdi\u011fi.<\/p>\n<p>Crablus B\u00f6lgesinde ya\u015fanmakta olanlar\u0131n T\u00fcrkiye&#8217;deki rejimin iddia etti\u011fi gibi kesinlikle ter\u00f6rle m\u00fccadele olmad\u0131\u011f\u0131na dikkat \u00e7eken kaynak; ya\u015fananlar\u0131n b\u00f6lgeye ba\u015fka bir ter\u00f6r\u00fc yerle\u015ftirme \u00e7abalar\u0131ndan ibaret oldu\u011funu ifade etti. Kaynak dolay\u0131s\u0131yla Suriye&#8217;nin derhal bu sald\u0131r\u0131ya son verilmesini, BM\u2019nin de devletlerin egemenli\u011fi ve toprak b\u00fct\u00fcnl\u00fcklerine sayg\u0131y\u0131 \u00f6ng\u00f6ren kararlar\u0131n\u0131n hayata ge\u00e7irilmesinde sorumlulu\u011funu s\u00fctlenmesini talep etti\u011fini kaydetti.<\/p>\n<p>Kaynak ayn\u0131 zamanda T\u00fcrkiye ve ABD komutas\u0131ndaki koalisyonun, \u00f6zellikle s\u0131n\u0131rlar\u0131n kapat\u0131lmas\u0131 ve ter\u00f6r kaynaklar\u0131n\u0131n kurutulmas\u0131na ili\u015fkin olmak \u00fczere BM ve BMGK kararlar\u0131na ba\u011fl\u0131 kalmalar\u0131 gere\u011finin alt\u0131n\u0131 \u00e7izdi.<\/p>\n","protected":false},"excerpt":{"rendered":"<p>\u015eAM \u2013 D\u0131\u015fi\u015fleri ve Gurbet\u00e7iler Bakanl\u0131\u011f\u0131nda yetkili bir kaynak Suriye Arap Cumhuriyetinin; Halep k\u0131rsal\u0131 Crablus Kenti yak\u0131nlar\u0131nda ABD\u2019nin komutas\u0131ndaki uluslar aras\u0131 koalisyon u\u00e7aklar\u0131n\u0131n deste\u011fi ile T\u00fcrk tanklar\u0131 ve z\u0131rhl\u0131 ara\u00e7lar\u0131n\u0131n Suriye topraklar\u0131na giri\u015flerini k\u0131nad\u0131\u011f\u0131n\u0131 belirtti. Kaynak SANA\u2019ya bug\u00fcn yapt\u0131\u011f\u0131 a\u00e7\u0131klamada Suriye&#8217;nin bunu egemenli\u011fine a\u00e7\u0131k bir ihlal olarak nitelendirdi\u011finin alt\u0131n\u0131 \u00e7izdi. Suriye&#8217;nin; ter\u00f6re kar\u015f\u0131 m\u00fccadelenin, I\u015e\u0130D\u2019i &hellip;<\/p>\n","protected":false},"author":1,"featured_media":58242,"comment_status":"closed","ping_status":"closed","sticky":false,"template":"","format":"standard","meta":{"footnotes":""},"categories":[479,17988,2554,2555,478],"tags":[23396,23395],"class_list":["post-84860","post","type-post","status-publish","format-standard","has-post-thumbnail","","category-haberler-yerel","category-son-haberler","category-suriye-ve-dunya","category-suriye-ve-turkiye","category-yerel","tag-disisleri-ve-gurbetciler-bakanliginda","tag-turkiyenin-iddia-ettigi-gibi-terorle-mucadele-degildir"],"_links":{"self":[{"href":"https:\/\/archive.sana.sy\/tr\/index.php?rest_route=\/wp\/v2\/posts\/84860","targetHints":{"allow":["GET"]}}],"collection":[{"href":"https:\/\/archive.sana.sy\/tr\/index.php?rest_route=\/wp\/v2\/posts"}],"about":[{"href":"https:\/\/archive.sana.sy\/tr\/index.php?rest_route=\/wp\/v2\/types\/post"}],"author":[{"embeddable":true,"href":"https:\/\/archive.sana.sy\/tr\/index.php?rest_route=\/wp\/v2\/users\/1"}],"replies":[{"embeddable":true,"href":"https:\/\/archive.sana.sy\/tr\/index.php?rest_route=%2Fwp%2Fv2%2Fcomments&post=84860"}],"version-history":[{"count":0,"href":"https:\/\/archive.sana.sy\/tr\/index.php?rest_route=\/wp\/v2\/posts\/84860\/revisions"}],"wp:featuredmedia":[{"embeddable":true,"href":"https:\/\/archive.sana.sy\/tr\/index.php?rest_route=\/wp\/v2\/media\/58242"}],"wp:attachment":[{"href":"https:\/\/archive.sana.sy\/tr\/index.php?rest_route=%2Fwp%2Fv2%2Fmedia&parent=84860"}],"wp:term":[{"taxonomy":"category","embeddable":true,"href":"https:\/\/archive.sana.sy\/tr\/index.php?rest_route=%2Fwp%2Fv2%2Fcategories&post=84860"},{"taxonomy":"post_tag","embeddable":true,"href":"https:\/\/archive.sana.sy\/tr\/index.php?rest_route=%2Fwp%2Fv2%2Ftags&post=84860"}],"curies":[{"name":"wp","href":"https:\/\/api.w.org\/{rel}","templated":true}]}}