{"id":84866,"date":"2016-08-24T10:56:00","date_gmt":"2016-08-24T07:56:00","guid":{"rendered":"http:\/\/www.sana.sy\/tr\/?p=84866"},"modified":"2016-08-24T14:02:13","modified_gmt":"2016-08-24T11:02:13","slug":"askeri-kaynak-sanaya-aciklamasinda-ordu-birliklerimizin-dera-beledin-postane-binasi-civarinda-teror-orgutlere-ait-bir-komuta-karargahini-imha-ettiklerini-kaydetti","status":"publish","type":"post","link":"https:\/\/archive.sana.sy\/tr\/?p=84866","title":{"rendered":"Askeri Kaynak SANA\u2019ya a\u00e7\u0131klamas\u0131nda ordu birliklerimizin Dera Beled\u2019in Postane Binas\u0131 civar\u0131nda ter\u00f6r \u00f6rg\u00fctlere ait bir komuta karargah\u0131n\u0131 imha ettiklerini kaydetti."},"content":{"rendered":"<p>Askeri Kaynak SANA\u2019ya a\u00e7\u0131klamas\u0131nda ordu birliklerimizin Dera Beled\u2019in Postane Binas\u0131 civar\u0131nda ter\u00f6r \u00f6rg\u00fctlere ait bir komuta karargah\u0131n\u0131 imha ettiklerini kaydetti.<\/p>\n","protected":false},"excerpt":{"rendered":"<p>Askeri Kaynak SANA\u2019ya a\u00e7\u0131klamas\u0131nda ordu birliklerimizin Dera Beled\u2019in Postane Binas\u0131 civar\u0131nda ter\u00f6r \u00f6rg\u00fctlere ait bir komuta karargah\u0131n\u0131 imha ettiklerini kaydetti.<\/p>\n","protected":false},"author":1,"featured_media":0,"comment_status":"closed","ping_status":"closed","sticky":false,"template":"","format":"standard","meta":{"footnotes":""},"categories":[17991],"tags":[],"class_list":["post-84866","post","type-post","status-publish","format-standard","","category-son-dakika"],"_links":{"self":[{"href":"https:\/\/archive.sana.sy\/tr\/index.php?rest_route=\/wp\/v2\/posts\/84866","targetHints":{"allow":["GET"]}}],"collection":[{"href":"https:\/\/archive.sana.sy\/tr\/index.php?rest_route=\/wp\/v2\/posts"}],"about":[{"href":"https:\/\/archive.sana.sy\/tr\/index.php?rest_route=\/wp\/v2\/types\/post"}],"author":[{"embeddable":true,"href":"https:\/\/archive.sana.sy\/tr\/index.php?rest_route=\/wp\/v2\/users\/1"}],"replies":[{"embeddable":true,"href":"https:\/\/archive.sana.sy\/tr\/index.php?rest_route=%2Fwp%2Fv2%2Fcomments&post=84866"}],"version-history":[{"count":0,"href":"https:\/\/archive.sana.sy\/tr\/index.php?rest_route=\/wp\/v2\/posts\/84866\/revisions"}],"wp:attachment":[{"href":"https:\/\/archive.sana.sy\/tr\/index.php?rest_route=%2Fwp%2Fv2%2Fmedia&parent=84866"}],"wp:term":[{"taxonomy":"category","embeddable":true,"href":"https:\/\/archive.sana.sy\/tr\/index.php?rest_route=%2Fwp%2Fv2%2Fcategories&post=84866"},{"taxonomy":"post_tag","embeddable":true,"href":"https:\/\/archive.sana.sy\/tr\/index.php?rest_route=%2Fwp%2Fv2%2Ftags&post=84866"}],"curies":[{"name":"wp","href":"https:\/\/api.w.org\/{rel}","templated":true}]}}