{"id":84867,"date":"2016-08-24T09:23:07","date_gmt":"2016-08-24T06:23:07","guid":{"rendered":"http:\/\/www.sana.sy\/tr\/?p=84867"},"modified":"2016-08-24T14:01:28","modified_gmt":"2016-08-24T11:01:28","slug":"ordu-birliklerimiz-hama-kirsalinin-kuzeyinde-geneli-yabancilardan-olusan-radikal-teror-orgutu-fetih-ordusuna-ait-iki-havan-rampasi-ve-3-araci-imha-ederek-15-terorist-oldurdu","status":"publish","type":"post","link":"https:\/\/archive.sana.sy\/tr\/?p=84867","title":{"rendered":"Ordu Birliklerimiz Hama k\u0131rsal\u0131n\u0131n kuzeyinde geneli yabanc\u0131lardan olu\u015fan radikal ter\u00f6r \u00f6rg\u00fct\u00fc \u2018Fetih Ordusu\u2019na ait iki havan rampas\u0131 ve 3 arac\u0131 imha ederek, 15 ter\u00f6rist \u00f6ld\u00fcrd\u00fc"},"content":{"rendered":"<p>Ordu Birliklerimiz Hama k\u0131rsal\u0131n\u0131n kuzeyinde geneli yabanc\u0131lardan olu\u015fan radikal ter\u00f6r \u00f6rg\u00fct\u00fc \u2018Fetih Ordusu\u2019na ait iki havan rampas\u0131 ve 3 arac\u0131 imha ederek, 15 ter\u00f6rist \u00f6ld\u00fcrd\u00fc<\/p>\n","protected":false},"excerpt":{"rendered":"<p>Ordu Birliklerimiz Hama k\u0131rsal\u0131n\u0131n kuzeyinde geneli yabanc\u0131lardan olu\u015fan radikal ter\u00f6r \u00f6rg\u00fct\u00fc \u2018Fetih Ordusu\u2019na ait iki havan rampas\u0131 ve 3 arac\u0131 imha ederek, 15 ter\u00f6rist \u00f6ld\u00fcrd\u00fc<\/p>\n","protected":false},"author":1,"featured_media":0,"comment_status":"closed","ping_status":"closed","sticky":false,"template":"","format":"standard","meta":{"footnotes":""},"categories":[17991],"tags":[],"class_list":["post-84867","post","type-post","status-publish","format-standard","","category-son-dakika"],"_links":{"self":[{"href":"https:\/\/archive.sana.sy\/tr\/index.php?rest_route=\/wp\/v2\/posts\/84867","targetHints":{"allow":["GET"]}}],"collection":[{"href":"https:\/\/archive.sana.sy\/tr\/index.php?rest_route=\/wp\/v2\/posts"}],"about":[{"href":"https:\/\/archive.sana.sy\/tr\/index.php?rest_route=\/wp\/v2\/types\/post"}],"author":[{"embeddable":true,"href":"https:\/\/archive.sana.sy\/tr\/index.php?rest_route=\/wp\/v2\/users\/1"}],"replies":[{"embeddable":true,"href":"https:\/\/archive.sana.sy\/tr\/index.php?rest_route=%2Fwp%2Fv2%2Fcomments&post=84867"}],"version-history":[{"count":0,"href":"https:\/\/archive.sana.sy\/tr\/index.php?rest_route=\/wp\/v2\/posts\/84867\/revisions"}],"wp:attachment":[{"href":"https:\/\/archive.sana.sy\/tr\/index.php?rest_route=%2Fwp%2Fv2%2Fmedia&parent=84867"}],"wp:term":[{"taxonomy":"category","embeddable":true,"href":"https:\/\/archive.sana.sy\/tr\/index.php?rest_route=%2Fwp%2Fv2%2Fcategories&post=84867"},{"taxonomy":"post_tag","embeddable":true,"href":"https:\/\/archive.sana.sy\/tr\/index.php?rest_route=%2Fwp%2Fv2%2Ftags&post=84867"}],"curies":[{"name":"wp","href":"https:\/\/api.w.org\/{rel}","templated":true}]}}