{"id":84881,"date":"2016-08-24T12:05:14","date_gmt":"2016-08-24T09:05:14","guid":{"rendered":"http:\/\/www.sana.sy\/tr\/?p=84881"},"modified":"2016-08-25T15:21:56","modified_gmt":"2016-08-25T12:21:56","slug":"fetih-ordusu-ve-diger-orgutlerin-sayi-ve-arac-kaybi-artiyor","status":"publish","type":"post","link":"https:\/\/archive.sana.sy\/tr\/?p=84881","title":{"rendered":"Fetih Ordusu ve Di\u011fer \u00d6rg\u00fctlerin Say\u0131 ve Ara\u00e7 Kayb\u0131 Art\u0131yor (video)"},"content":{"rendered":"<p>\u0130LLER \u2013 Vatan koruyucular\u0131 ordu birliklerimiz muhtelif b\u00f6lgelerde askeri ve sivil b\u00f6lgelere sald\u0131ran radikal ter\u00f6ristlere kar\u015f\u0131 operasyonlar\u0131nda bu\u011fun aralar\u0131nda tehlikeli ter\u00f6r eleba\u015flar\u0131n\u0131n bulundu\u011fu onlarca ter\u00f6risti tank ve di\u011fer ara\u00e7lar\u0131yla birlikte etkisiz hale getirdi.<\/p>\n<p><span style=\"color: #0000ff\">HALEP:<\/span><\/p>\n<p>SANA\u2019ya a\u00e7\u0131klama yapan askeri bir kaynak; hava g\u00fc\u00e7lerimizin bug\u00fcn sabah saatlerinde Halep Kentinin g\u00fcneyi Askeri Akademilerin g\u00fcneybat\u0131s\u0131nda ter\u00f6ristlerin toplanma yerleri ve hareket eksenlerine y\u00f6nelik hava operasyonlar\u0131 ger\u00e7ekle\u015ftirdiklerini ifade etti. Kaynak; operasyonlarda \u00e7ok say\u0131da ter\u00f6ristin \u00f6l\u00fc ve yaral\u0131 d\u00fc\u015f\u00fcr\u00fcl\u00fcp bir k\u0131sm\u0131 a\u011f\u0131r silahlarla donat\u0131lm\u0131\u015f, bir k\u0131sm\u0131 da z\u0131rhl\u0131 olan ara\u00e7lar\u0131n\u0131n y\u00fckleriyle birlikte tamamen yok edildi\u011fine dikkat \u00e7ekti.<\/p>\n<p>Bu arada Halep\u2019te SANA muhabiri; ordu birliklerimizin ge\u00e7en son saatlerde stratejik \u00f6neme sahip Um el Kare Tepesinde \u2018Fetih Ordusu\u2019na tabi ter\u00f6r \u00e7eteleriyle \u015fiddetli \u00e7at\u0131\u015fmalara girdiklerini belirtirken; \u00e7at\u0131\u015fmalarda \u00e7ok say\u0131da ter\u00f6risti \u00f6l\u00fc ve yaral\u0131 d\u00fc\u015f\u00fcr\u00fcp 3 tankla birlikte silah ve m\u00fchimmat ta\u015f\u0131yan a\u011f\u0131r makineli silahla donat\u0131lm\u0131\u015f 5 arac\u0131 etkisiz hale getirdiklerini s\u00f6yledi.<\/p>\n<p>Muhabir; Halep k\u0131rsal\u0131n\u0131n g\u00fcneyinde de vatan koruyucular\u0131m\u0131z\u0131n Um el Kare Tepesine sald\u0131rmaya \u00e7al\u0131\u015fan \u2018Fetih Ordusu\u2019 \u00e7etelerini ara\u00e7lar\u0131yla imha etmeleri ard\u0131ndan arta kalan ter\u00f6ristlerin \u00e7ekilme hatlar\u0131n\u0131 top ve f\u00fcze ate\u015fine tuttuklar\u0131n\u0131 kaydetti. Muhabir operasyonda sald\u0131rgan ter\u00f6ristlerin saflar\u0131nda direk isabetlerin ger\u00e7ekle\u015ftirildi\u011fini s\u00f6zlerine ekledi.<\/p>\n<p>Bu arada ter\u00f6r \u00f6rg\u00fctleri medya ara\u00e7lar\u0131nda \u2018Fetih Ordusunda\u2019 s\u00f6zde \u2018Havan Taburu Komutan\u0131\u2019 olarak bilinen \u2018Ebu Muri\u2019 lakapl\u0131 H\u00fcseyin el Sefrani\u2019nin yan\u0131 s\u0131ra yine \u2018Fetih Ordusu\u2019nda s\u00f6zde askeri komutan Zeki Tkayka\u2019n\u0131n \u00f6ld\u00fcklerini itiraf etti.<\/p>\n<p>https:\/\/www.youtube.com\/watch?v=ZXsNkkilgFY<\/p>\n<p><span style=\"color: #0000ff\">HAMA:<\/span><\/p>\n<p>\u00d6te yandan saha kaynaklar\u0131 SANA\u2019ya a\u00e7\u0131klamalar\u0131nda; ordu birliklerimizin Hama Kentinin yakla\u015f\u0131k 35 km kuzeyine d\u00fc\u015fen Morik Beldesinde \u2018Cund el Aksa\u2019 \u00e7etelerine ait bir havan rampas\u0131na ilaveten 4X4 \u00e7eker bir arac\u0131 ekipleriyle birlikte tamamen imha ettiklerini belirtti.<\/p>\n<p>Kaynaklar buna e\u015f zamanl\u0131 olarak ordu birliklerimizin tekfircilerin bir komuta karargah\u0131na kar\u015f\u0131 ger\u00e7ekle\u015ftirdikleri nitelikli bir operasyonda en az 11 ter\u00f6risti \u00f6l\u00fc ve yaral\u0131 d\u00fc\u015f\u00fcrd\u00fcklerine dikkat \u00e7ekti.<\/p>\n<p>Ordu birliklerimizin Lahaya K\u00f6y\u00fcnde de ter\u00f6ristlerin yuva ve k\u00fcmelenme yerlerini yo\u011fun ate\u015fe tutmalar\u0131yla bir\u00e7ok ter\u00f6risti \u00f6l\u00fc yaral\u0131 d\u00fc\u015f\u00fcrd\u00fcklerini aktaran kaynaklar; Hama k\u0131rsal\u0131n\u0131n kuzeyindeki g\u00fcvenli k\u00f6yleri hedef almada kullan\u0131lan bir havan rampas\u0131n\u0131 da tamamen yok ettiklerini a\u00e7\u0131klad\u0131.<\/p>\n<p>\u0130l k\u0131rsal\u0131n\u0131n kuzeyinde Hama yolunun g\u00fcvenli\u011fini sa\u011flama amac\u0131yla ordu birliklerimizin Hama Kentinin yakla\u015f\u0131k 38 km kuzeybat\u0131s\u0131na d\u00fc\u015fen Kefar Zeyta Beldesinin Sayyad Tepesinde mevcut ter\u00f6r grubunun hareketlenmelerine y\u00f6nelik nitelikli operasyonlar ger\u00e7ekle\u015ftirdikleri s\u00f6yleyen kaynaklar; ter\u00f6rist ve cephane ta\u015f\u0131yan bir arac\u0131n yan\u0131 s\u0131ra a\u011f\u0131r makineli silahla donat\u0131lm\u0131\u015f bir arac\u0131 da imha ettiklerini s\u00f6yledi.<\/p>\n<p>Bu arada askeri kaynak; hava g\u00fc\u00e7lerimizin Hama k\u0131rsal\u0131 Esriye B\u00f6lgesinin do\u011fusunda I\u015e\u0130D ter\u00f6r \u00f6rg\u00fct\u00fcne ait \u00e7ok say\u0131da arac\u0131 imha ederek onlarca ter\u00f6risti \u00f6l\u00fc ve yaral\u0131 d\u00fc\u015f\u00fcrd\u00fcklerini s\u00f6yledi.<\/p>\n<p><span style=\"color: #0000ff\">DERA:<\/span><\/p>\n<p>Di\u011fer yandan askeri Kaynak; ordu birliklerimizin Dera Beled\u2019in Postane Binas\u0131 civar\u0131nda \u0130srail\u2019den destek alan ter\u00f6r \u00f6rg\u00fctlere ait bir komuta karargah\u0131n\u0131 yo\u011fun ate\u015fe tutarken; \u2018Mutas\u0131m Billah T\u00fcmeni\u2019 olarak adland\u0131r\u0131lan ter\u00f6r olu\u015fumunun askeri komutan\u0131 \u2018Ebu Safi el Masri\u2019 kod adl\u0131 ter\u00f6r eleba\u015f\u0131n\u0131n aralar\u0131nda bulundu\u011fu karargahtaki t\u00fcm ter\u00f6ristleri \u00f6l\u00fc ve yaral\u0131 d\u00fc\u015f\u00fcrd\u00fcklerini kaydetti<\/p>\n<p><span style=\"color: #0000ff\">KUNAYTRA:<\/span><\/p>\n<p>Kunaytra k\u0131rsal\u0131nda da ordu birliklerimizin Kaide \u00d6rg\u00fct\u00fcn\u00fcn Suriye kolu Nusra Cephesine kar\u015f\u0131 askeri operasyonlar\u0131n\u0131 ba\u015far\u0131yla s\u00fcrd\u00fcrd\u00fcklerini beyan eden askeri kaynak; Um Batina K\u00f6y\u00fcnde ter\u00f6rist ve cephane ta\u015f\u0131yan 3 arac\u0131 y\u00fckleriyle birlikte tamamen yok ettiklerini s\u00f6yledi.<\/p>\n<p><span style=\"color: #0000ff\">S\u00dcVEYDA:<\/span><\/p>\n<p>\u00d6te yandan ordu birliklerimizin S\u00fcveyda k\u0131rsal\u0131n\u0131n do\u011fusu R\u015feyde Petrol Kuyular\u0131 B\u00f6lgesinde I\u015e\u0130D\u2019li radikal ter\u00f6ristlere ait yak\u0131t tankerlerinin topland\u0131klar\u0131 bir mevkii muhtevalar\u0131yla imha ettiklerini aktaran kaynak; buralarda da \u00e7ok say\u0131da ter\u00f6risti \u00f6l\u00fc ve yaral\u0131 d\u00fc\u015f\u00fcrd\u00fcklerini belirtti.<\/p>\n<p><span style=\"color: #0000ff\">HOMS:<\/span><\/p>\n<p>G\u00fcn\u00fcn ilerleyen saatlerinde a\u00e7\u0131klama yapan askeri kaynak; hava g\u00fc\u00e7lerimizin Homs k\u0131rsal\u0131n\u0131n F\u0131rhaniye, Teldu ve Borc Kai b\u00f6lgelerinde radikal ter\u00f6ristlerin komuta karargah\u0131n\u0131 muhtevalar\u0131yla birlikte tamamen imha etmelerine ek olarak Zafarane B\u00f6lgesinde a\u011f\u0131r makineli silahla donat\u0131lm\u0131\u015f bir\u00e7ok arac\u0131 da yok ettiklerini belirtti.<\/p>\n<p><span style=\"color: #0000ff\">\u0130DL\u0130B:<\/span><\/p>\n<p>Di\u011fer\u00a0yandan askeri kaynak \u0130dlib k\u0131rsal\u0131n\u0131n do\u011fusu Serakib ve \u015eellah b\u00f6lgelerinde ter\u00f6ristlerin komuta karargahlar\u0131 ve ara\u00e7lar\u0131n\u0131 yo\u011fun ate\u015fe tutan hava g\u00fc\u00e7lerimizin; tekfircileri say\u0131 ve te\u00e7hizatlar\u0131yla a\u011f\u0131r kay\u0131plara u\u011fratt\u0131klar\u0131n\u0131 s\u00f6yledi.<\/p>\n<p>\u0130dlib k\u0131rsal\u0131n\u0131n g\u00fcneyinde de hava g\u00fc\u00e7lerimizin Muarret el Numan B\u00f6lgesindeki Kersaa K\u00f6y\u00fcnde \u2018Fetih Ordusu\u2019na tabi hareket eksenlerini hedef ald\u0131klar\u0131n\u0131 belirten kaynak; onlarca ter\u00f6risti \u00f6l\u00fc ve yaral\u0131 d\u00fc\u015f\u00fcr\u00fcp silah ve cephane ta\u015f\u0131yan z\u0131rhl\u0131 ara\u00e7lar\u0131n\u0131 y\u00fckleriyle birlikte tamamen yok ettiklerini a\u00e7\u0131klad\u0131<\/p>\n<p><span style=\"color: #0000ff\">\u015eAM KIRSALI:<\/span><\/p>\n<p>Ak\u015fam saatlerinde a\u00e7\u0131klama yapan askeri kaynak; ordu birliklerimizin Halk Savunma G\u00fc\u00e7leriyle i\u015fbirli\u011fi i\u00e7inde \u015eam k\u0131rsal\u0131n\u0131n Doma Kentinin kuzeydo\u011fusunda Riyhan Mezralar\u0131n\u0131n genelini ter\u00f6rden temizleyerek kontrollerine ald\u0131klar\u0131n\u0131 belirtti.<\/p>\n<p>https:\/\/youtu.be\/PA_LoR1pp-0<\/p>\n<p>R.H.<\/p>\n<p>&nbsp;<\/p>\n","protected":false},"excerpt":{"rendered":"<p>\u0130LLER \u2013 Vatan koruyucular\u0131 ordu birliklerimiz muhtelif b\u00f6lgelerde askeri ve sivil b\u00f6lgelere sald\u0131ran radikal ter\u00f6ristlere kar\u015f\u0131 operasyonlar\u0131nda bu\u011fun aralar\u0131nda tehlikeli ter\u00f6r eleba\u015flar\u0131n\u0131n bulundu\u011fu onlarca ter\u00f6risti tank ve di\u011fer ara\u00e7lar\u0131yla birlikte etkisiz hale getirdi. HALEP: SANA\u2019ya a\u00e7\u0131klama yapan askeri bir kaynak; hava g\u00fc\u00e7lerimizin bug\u00fcn sabah saatlerinde Halep Kentinin g\u00fcneyi Askeri Akademilerin g\u00fcneybat\u0131s\u0131nda ter\u00f6ristlerin toplanma yerleri ve &hellip;<\/p>\n","protected":false},"author":1,"featured_media":84882,"comment_status":"closed","ping_status":"closed","sticky":false,"template":"","format":"standard","meta":{"footnotes":""},"categories":[575,17988],"tags":[23397],"class_list":["post-84881","post","type-post","status-publish","format-standard","has-post-thumbnail","","category-olaylar-ve-gercekler","category-son-haberler","tag-fetih-ordusu-ve-diger-orgutlerin-sayi-ve-arac-kaybi-artiyor"],"_links":{"self":[{"href":"https:\/\/archive.sana.sy\/tr\/index.php?rest_route=\/wp\/v2\/posts\/84881","targetHints":{"allow":["GET"]}}],"collection":[{"href":"https:\/\/archive.sana.sy\/tr\/index.php?rest_route=\/wp\/v2\/posts"}],"about":[{"href":"https:\/\/archive.sana.sy\/tr\/index.php?rest_route=\/wp\/v2\/types\/post"}],"author":[{"embeddable":true,"href":"https:\/\/archive.sana.sy\/tr\/index.php?rest_route=\/wp\/v2\/users\/1"}],"replies":[{"embeddable":true,"href":"https:\/\/archive.sana.sy\/tr\/index.php?rest_route=%2Fwp%2Fv2%2Fcomments&post=84881"}],"version-history":[{"count":0,"href":"https:\/\/archive.sana.sy\/tr\/index.php?rest_route=\/wp\/v2\/posts\/84881\/revisions"}],"wp:featuredmedia":[{"embeddable":true,"href":"https:\/\/archive.sana.sy\/tr\/index.php?rest_route=\/wp\/v2\/media\/84882"}],"wp:attachment":[{"href":"https:\/\/archive.sana.sy\/tr\/index.php?rest_route=%2Fwp%2Fv2%2Fmedia&parent=84881"}],"wp:term":[{"taxonomy":"category","embeddable":true,"href":"https:\/\/archive.sana.sy\/tr\/index.php?rest_route=%2Fwp%2Fv2%2Fcategories&post=84881"},{"taxonomy":"post_tag","embeddable":true,"href":"https:\/\/archive.sana.sy\/tr\/index.php?rest_route=%2Fwp%2Fv2%2Ftags&post=84881"}],"curies":[{"name":"wp","href":"https:\/\/api.w.org\/{rel}","templated":true}]}}