{"id":84905,"date":"2016-08-24T15:45:44","date_gmt":"2016-08-24T12:45:44","guid":{"rendered":"http:\/\/www.sana.sy\/tr\/?p=84905"},"modified":"2016-08-24T15:45:44","modified_gmt":"2016-08-24T12:45:44","slug":"askeri-kaynak-hava-guclerimizin-homs-kirsalinin-firhaniye-teldu-ve-borc-kai-bolgelerinde-radikal-teroristlerin-komuta-karargahini-muhtevalariyla-birlikte-tamamen-imha-etmelerine-ek-olarak-zafarane-b","status":"publish","type":"post","link":"https:\/\/archive.sana.sy\/tr\/?p=84905","title":{"rendered":"Askeri kaynak; hava g\u00fc\u00e7lerimizin Homs k\u0131rsal\u0131n\u0131n F\u0131rhaniye, Teldu ve Borc Kai b\u00f6lgelerinde radikal ter\u00f6ristlerin komuta karargah\u0131n\u0131 muhtevalar\u0131yla birlikte tamamen imha etmelerine ek olarak Zafarane B\u00f6lgesinde a\u011f\u0131r makineli silahla donat\u0131lm\u0131\u015f bir\u00e7ok arac\u0131 da yok ettiklerini belirtti"},"content":{"rendered":"<p>Askeri kaynak; hava g\u00fc\u00e7lerimizin Homs k\u0131rsal\u0131n\u0131n F\u0131rhaniye, Teldu ve Borc Kai b\u00f6lgelerinde radikal ter\u00f6ristlerin komuta karargah\u0131n\u0131 muhtevalar\u0131yla birlikte tamamen imha etmelerine ek olarak Zafarane B\u00f6lgesinde a\u011f\u0131r makineli silahla donat\u0131lm\u0131\u015f bir\u00e7ok arac\u0131 da yok ettiklerini belirtti<\/p>\n","protected":false},"excerpt":{"rendered":"<p>Askeri kaynak; hava g\u00fc\u00e7lerimizin Homs k\u0131rsal\u0131n\u0131n F\u0131rhaniye, Teldu ve Borc Kai b\u00f6lgelerinde radikal ter\u00f6ristlerin komuta karargah\u0131n\u0131 muhtevalar\u0131yla birlikte tamamen imha etmelerine ek olarak Zafarane B\u00f6lgesinde a\u011f\u0131r makineli silahla donat\u0131lm\u0131\u015f bir\u00e7ok arac\u0131 da yok ettiklerini belirtti<\/p>\n","protected":false},"author":1,"featured_media":0,"comment_status":"closed","ping_status":"closed","sticky":false,"template":"","format":"standard","meta":{"footnotes":""},"categories":[17991],"tags":[],"class_list":["post-84905","post","type-post","status-publish","format-standard","","category-son-dakika"],"_links":{"self":[{"href":"https:\/\/archive.sana.sy\/tr\/index.php?rest_route=\/wp\/v2\/posts\/84905","targetHints":{"allow":["GET"]}}],"collection":[{"href":"https:\/\/archive.sana.sy\/tr\/index.php?rest_route=\/wp\/v2\/posts"}],"about":[{"href":"https:\/\/archive.sana.sy\/tr\/index.php?rest_route=\/wp\/v2\/types\/post"}],"author":[{"embeddable":true,"href":"https:\/\/archive.sana.sy\/tr\/index.php?rest_route=\/wp\/v2\/users\/1"}],"replies":[{"embeddable":true,"href":"https:\/\/archive.sana.sy\/tr\/index.php?rest_route=%2Fwp%2Fv2%2Fcomments&post=84905"}],"version-history":[{"count":0,"href":"https:\/\/archive.sana.sy\/tr\/index.php?rest_route=\/wp\/v2\/posts\/84905\/revisions"}],"wp:attachment":[{"href":"https:\/\/archive.sana.sy\/tr\/index.php?rest_route=%2Fwp%2Fv2%2Fmedia&parent=84905"}],"wp:term":[{"taxonomy":"category","embeddable":true,"href":"https:\/\/archive.sana.sy\/tr\/index.php?rest_route=%2Fwp%2Fv2%2Fcategories&post=84905"},{"taxonomy":"post_tag","embeddable":true,"href":"https:\/\/archive.sana.sy\/tr\/index.php?rest_route=%2Fwp%2Fv2%2Ftags&post=84905"}],"curies":[{"name":"wp","href":"https:\/\/api.w.org\/{rel}","templated":true}]}}