{"id":84915,"date":"2016-08-24T11:39:24","date_gmt":"2016-08-24T08:39:24","guid":{"rendered":"http:\/\/www.sana.sy\/tr\/?p=84915"},"modified":"2016-08-25T11:37:53","modified_gmt":"2016-08-25T08:37:53","slug":"mesru-olmayan-2-gecit-kapatildi","status":"publish","type":"post","link":"https:\/\/archive.sana.sy\/tr\/?p=84915","title":{"rendered":"Me\u015fru Olmayan 2 Ge\u00e7it Kapat\u0131ld\u0131"},"content":{"rendered":"<p>BEYRUT \u2013 L\u00fcbnan ordusu bug\u00fcn L\u00fcbnan&#8217;\u0131n kuzeyi Akkar B\u00f6lgesinin Halit Vadisinde gayr\u0131 me\u015fru olan ve silahl\u0131 gruplar\u0131n yan\u0131 s\u0131ra ka\u00e7ak\u00e7\u0131lar\u0131n kulland\u0131klar\u0131 iki ge\u00e7idi kapatt\u0131\u011f\u0131n\u0131 ilan etti.<\/p>\n<p>Ordu yay\u0131nlad\u0131\u011f\u0131 b\u00fcltende iki ge\u00e7idi kapatman\u0131n, ter\u00f6ristlerin s\u0131zma, askeri ve lojistik destek aktarmalar\u0131n\u0131 \u00f6nleme ama\u00e7l\u0131 oldu\u011funu belirtti.<\/p>\n<p>L\u00fcbnan ordusu daha \u00f6nce Ersal B\u00f6lgesinde benzer bir\u00e7ok ge\u00e7idi ayn\u0131 sebeplerden dolay\u0131 kapatt\u0131\u011f\u0131n\u0131 ilan etmi\u015fti.<\/p>\n","protected":false},"excerpt":{"rendered":"<p>BEYRUT \u2013 L\u00fcbnan ordusu bug\u00fcn L\u00fcbnan&#8217;\u0131n kuzeyi Akkar B\u00f6lgesinin Halit Vadisinde gayr\u0131 me\u015fru olan ve silahl\u0131 gruplar\u0131n yan\u0131 s\u0131ra ka\u00e7ak\u00e7\u0131lar\u0131n kulland\u0131klar\u0131 iki ge\u00e7idi kapatt\u0131\u011f\u0131n\u0131 ilan etti. Ordu yay\u0131nlad\u0131\u011f\u0131 b\u00fcltende iki ge\u00e7idi kapatman\u0131n, ter\u00f6ristlerin s\u0131zma, askeri ve lojistik destek aktarmalar\u0131n\u0131 \u00f6nleme ama\u00e7l\u0131 oldu\u011funu belirtti. L\u00fcbnan ordusu daha \u00f6nce Ersal B\u00f6lgesinde benzer bir\u00e7ok ge\u00e7idi ayn\u0131 sebeplerden dolay\u0131 &hellip;<\/p>\n","protected":false},"author":1,"featured_media":84916,"comment_status":"closed","ping_status":"closed","sticky":false,"template":"","format":"standard","meta":{"footnotes":""},"categories":[458,459,17988],"tags":[23403,23402],"class_list":["post-84915","post","type-post","status-publish","format-standard","has-post-thumbnail","","category-dunya1","category-haberler-arap-uluslararasi-politika","category-son-haberler","tag-lubnan-ordusu-bugun-lubnanin-kuzeyi-akkar-bolgesinin-halit-vadisinde-gayri-mesru-olan-ve-silahli-gruplarin-yani-sira-kacakcilarin-kullandiklari-iki-gecidi-kapattigini-ilan-etti","tag-mesru-olmayan-2-gecit-kapatildi"],"_links":{"self":[{"href":"https:\/\/archive.sana.sy\/tr\/index.php?rest_route=\/wp\/v2\/posts\/84915","targetHints":{"allow":["GET"]}}],"collection":[{"href":"https:\/\/archive.sana.sy\/tr\/index.php?rest_route=\/wp\/v2\/posts"}],"about":[{"href":"https:\/\/archive.sana.sy\/tr\/index.php?rest_route=\/wp\/v2\/types\/post"}],"author":[{"embeddable":true,"href":"https:\/\/archive.sana.sy\/tr\/index.php?rest_route=\/wp\/v2\/users\/1"}],"replies":[{"embeddable":true,"href":"https:\/\/archive.sana.sy\/tr\/index.php?rest_route=%2Fwp%2Fv2%2Fcomments&post=84915"}],"version-history":[{"count":0,"href":"https:\/\/archive.sana.sy\/tr\/index.php?rest_route=\/wp\/v2\/posts\/84915\/revisions"}],"wp:featuredmedia":[{"embeddable":true,"href":"https:\/\/archive.sana.sy\/tr\/index.php?rest_route=\/wp\/v2\/media\/84916"}],"wp:attachment":[{"href":"https:\/\/archive.sana.sy\/tr\/index.php?rest_route=%2Fwp%2Fv2%2Fmedia&parent=84915"}],"wp:term":[{"taxonomy":"category","embeddable":true,"href":"https:\/\/archive.sana.sy\/tr\/index.php?rest_route=%2Fwp%2Fv2%2Fcategories&post=84915"},{"taxonomy":"post_tag","embeddable":true,"href":"https:\/\/archive.sana.sy\/tr\/index.php?rest_route=%2Fwp%2Fv2%2Ftags&post=84915"}],"curies":[{"name":"wp","href":"https:\/\/api.w.org\/{rel}","templated":true}]}}