{"id":84923,"date":"2016-08-24T17:38:30","date_gmt":"2016-08-24T14:38:30","guid":{"rendered":"http:\/\/www.sana.sy\/tr\/?p=84923"},"modified":"2016-08-24T17:38:30","modified_gmt":"2016-08-24T14:38:30","slug":"askeri-kaynak-idlib-kirsalinin-serakib-ve-sellah-bolgelerinde-teroristlerin-komuta-karargahlari-ve-araclarini-yogun-atese-tutan-hava-guclerimizin-kersaa-bolgesinde-terorist-ve-cephane-tasiyan-zirhli","status":"publish","type":"post","link":"https:\/\/archive.sana.sy\/tr\/?p=84923","title":{"rendered":"Askeri kaynak \u0130dlib k\u0131rsal\u0131n\u0131n Serakib ve \u015eellah b\u00f6lgelerinde ter\u00f6ristlerin komuta karargahlar\u0131 ve ara\u00e7lar\u0131n\u0131 yo\u011fun ate\u015fe tutan hava g\u00fc\u00e7lerimizin; Kersaa B\u00f6lgesinde ter\u00f6rist ve cephane ta\u015f\u0131yan z\u0131rhl\u0131 ara\u00e7lar\u0131n\u0131 y\u00fckleriyle birlikte tamamen yok ettiklerini a\u00e7\u0131klad\u0131"},"content":{"rendered":"<p>Askeri kaynak \u0130dlib k\u0131rsal\u0131n\u0131n Serakib ve \u015eellah b\u00f6lgelerinde ter\u00f6ristlerin komuta karargahlar\u0131 ve ara\u00e7lar\u0131n\u0131 yo\u011fun ate\u015fe tutan hava g\u00fc\u00e7lerimizin; Kersaa B\u00f6lgesinde ter\u00f6rist ve cephane ta\u015f\u0131yan z\u0131rhl\u0131 ara\u00e7lar\u0131n\u0131 y\u00fckleriyle birlikte tamamen yok ettiklerini a\u00e7\u0131klad\u0131<\/p>\n","protected":false},"excerpt":{"rendered":"<p>Askeri kaynak \u0130dlib k\u0131rsal\u0131n\u0131n Serakib ve \u015eellah b\u00f6lgelerinde ter\u00f6ristlerin komuta karargahlar\u0131 ve ara\u00e7lar\u0131n\u0131 yo\u011fun ate\u015fe tutan hava g\u00fc\u00e7lerimizin; Kersaa B\u00f6lgesinde ter\u00f6rist ve cephane ta\u015f\u0131yan z\u0131rhl\u0131 ara\u00e7lar\u0131n\u0131 y\u00fckleriyle birlikte tamamen yok ettiklerini a\u00e7\u0131klad\u0131<\/p>\n","protected":false},"author":1,"featured_media":0,"comment_status":"closed","ping_status":"closed","sticky":false,"template":"","format":"standard","meta":{"footnotes":""},"categories":[17991],"tags":[],"class_list":["post-84923","post","type-post","status-publish","format-standard","","category-son-dakika"],"_links":{"self":[{"href":"https:\/\/archive.sana.sy\/tr\/index.php?rest_route=\/wp\/v2\/posts\/84923","targetHints":{"allow":["GET"]}}],"collection":[{"href":"https:\/\/archive.sana.sy\/tr\/index.php?rest_route=\/wp\/v2\/posts"}],"about":[{"href":"https:\/\/archive.sana.sy\/tr\/index.php?rest_route=\/wp\/v2\/types\/post"}],"author":[{"embeddable":true,"href":"https:\/\/archive.sana.sy\/tr\/index.php?rest_route=\/wp\/v2\/users\/1"}],"replies":[{"embeddable":true,"href":"https:\/\/archive.sana.sy\/tr\/index.php?rest_route=%2Fwp%2Fv2%2Fcomments&post=84923"}],"version-history":[{"count":0,"href":"https:\/\/archive.sana.sy\/tr\/index.php?rest_route=\/wp\/v2\/posts\/84923\/revisions"}],"wp:attachment":[{"href":"https:\/\/archive.sana.sy\/tr\/index.php?rest_route=%2Fwp%2Fv2%2Fmedia&parent=84923"}],"wp:term":[{"taxonomy":"category","embeddable":true,"href":"https:\/\/archive.sana.sy\/tr\/index.php?rest_route=%2Fwp%2Fv2%2Fcategories&post=84923"},{"taxonomy":"post_tag","embeddable":true,"href":"https:\/\/archive.sana.sy\/tr\/index.php?rest_route=%2Fwp%2Fv2%2Ftags&post=84923"}],"curies":[{"name":"wp","href":"https:\/\/api.w.org\/{rel}","templated":true}]}}