{"id":84930,"date":"2016-08-24T21:30:30","date_gmt":"2016-08-24T18:30:30","guid":{"rendered":"http:\/\/www.sana.sy\/tr\/?p=84930"},"modified":"2016-08-26T11:23:29","modified_gmt":"2016-08-26T08:23:29","slug":"teror-saldirisinda-uc-vatandasimiz-yaralandi","status":"publish","type":"post","link":"https:\/\/archive.sana.sy\/tr\/?p=84930","title":{"rendered":"Ter\u00f6r Sald\u0131r\u0131s\u0131nda \u00dc\u00e7 Vatanda\u015f\u0131m\u0131z Yaraland\u0131"},"content":{"rendered":"<p>\u015eAM &#8211; \u201cCey\u015f\u00fcl \u0130slam\u201d ter\u00f6r \u00f6rg\u00fct\u00fcn\u00fcn \u00c7at\u0131\u015fmalar\u0131n Durdurulmas\u0131 Anla\u015fmas\u0131n\u0131 ihlal ederek \u015eam\u2019da Tahrir Sahas\u0131n\u0131 hedef alarak d\u00fczenledi\u011fi roket sald\u0131r\u0131s\u0131 sonucunda \u00fc\u00e7 vatanda\u015f\u0131m\u0131z yaraland\u0131.<\/p>\n<p>\u015eam Emniyet M\u00fcd\u00fcrl\u00fc\u011f\u00fcnde yetkili bir kaynak SANA muhabirine yapt\u0131\u011f\u0131 a\u00e7\u0131klamada, Do\u011fu \u011euta b\u00f6lgesinde mevzilenen ter\u00f6ristlerin f\u0131rlatt\u0131klar\u0131 roketin Tahrir Sahas\u0131na isabet etmesi sonucu \u00fc\u00e7 vatanda\u015f\u0131m\u0131z\u0131n yaraland\u0131\u011f\u0131n\u0131 ifade etti.<\/p>\n<p>F.B &#8211; R.H.<\/p>\n","protected":false},"excerpt":{"rendered":"<p>\u015eAM &#8211; \u201cCey\u015f\u00fcl \u0130slam\u201d ter\u00f6r \u00f6rg\u00fct\u00fcn\u00fcn \u00c7at\u0131\u015fmalar\u0131n Durdurulmas\u0131 Anla\u015fmas\u0131n\u0131 ihlal ederek \u015eam\u2019da Tahrir Sahas\u0131n\u0131 hedef alarak d\u00fczenledi\u011fi roket sald\u0131r\u0131s\u0131 sonucunda \u00fc\u00e7 vatanda\u015f\u0131m\u0131z yaraland\u0131. \u015eam Emniyet M\u00fcd\u00fcrl\u00fc\u011f\u00fcnde yetkili bir kaynak SANA muhabirine yapt\u0131\u011f\u0131 a\u00e7\u0131klamada, Do\u011fu \u011euta b\u00f6lgesinde mevzilenen ter\u00f6ristlerin f\u0131rlatt\u0131klar\u0131 roketin Tahrir Sahas\u0131na isabet etmesi sonucu \u00fc\u00e7 vatanda\u015f\u0131m\u0131z\u0131n yaraland\u0131\u011f\u0131n\u0131 ifade etti. F.B &#8211; R.H.<\/p>\n","protected":false},"author":1,"featured_media":81837,"comment_status":"closed","ping_status":"closed","sticky":false,"template":"","format":"standard","meta":{"footnotes":""},"categories":[479,575,17988,478],"tags":[23406],"class_list":["post-84930","post","type-post","status-publish","format-standard","has-post-thumbnail","","category-haberler-yerel","category-olaylar-ve-gercekler","category-son-haberler","category-yerel","tag-teror-saldirisinda-uc-vatandasimiz-yaralandi"],"_links":{"self":[{"href":"https:\/\/archive.sana.sy\/tr\/index.php?rest_route=\/wp\/v2\/posts\/84930","targetHints":{"allow":["GET"]}}],"collection":[{"href":"https:\/\/archive.sana.sy\/tr\/index.php?rest_route=\/wp\/v2\/posts"}],"about":[{"href":"https:\/\/archive.sana.sy\/tr\/index.php?rest_route=\/wp\/v2\/types\/post"}],"author":[{"embeddable":true,"href":"https:\/\/archive.sana.sy\/tr\/index.php?rest_route=\/wp\/v2\/users\/1"}],"replies":[{"embeddable":true,"href":"https:\/\/archive.sana.sy\/tr\/index.php?rest_route=%2Fwp%2Fv2%2Fcomments&post=84930"}],"version-history":[{"count":0,"href":"https:\/\/archive.sana.sy\/tr\/index.php?rest_route=\/wp\/v2\/posts\/84930\/revisions"}],"wp:featuredmedia":[{"embeddable":true,"href":"https:\/\/archive.sana.sy\/tr\/index.php?rest_route=\/wp\/v2\/media\/81837"}],"wp:attachment":[{"href":"https:\/\/archive.sana.sy\/tr\/index.php?rest_route=%2Fwp%2Fv2%2Fmedia&parent=84930"}],"wp:term":[{"taxonomy":"category","embeddable":true,"href":"https:\/\/archive.sana.sy\/tr\/index.php?rest_route=%2Fwp%2Fv2%2Fcategories&post=84930"},{"taxonomy":"post_tag","embeddable":true,"href":"https:\/\/archive.sana.sy\/tr\/index.php?rest_route=%2Fwp%2Fv2%2Ftags&post=84930"}],"curies":[{"name":"wp","href":"https:\/\/api.w.org\/{rel}","templated":true}]}}