{"id":84954,"date":"2016-08-25T09:40:02","date_gmt":"2016-08-25T06:40:02","guid":{"rendered":"http:\/\/www.sana.sy\/tr\/?p=84954"},"modified":"2016-08-25T10:43:09","modified_gmt":"2016-08-25T07:43:09","slug":"eylemciler-kizilhaci-rolunu-oynamaya-cagirdi-2","status":"publish","type":"post","link":"https:\/\/archive.sana.sy\/tr\/?p=84954","title":{"rendered":"Eylemciler K\u0131z\u0131lha\u00e7\u2019\u0131 Rol\u00fcn\u00fc Oynamaya \u00c7a\u011f\u0131rd\u0131"},"content":{"rendered":"<p>\u0130\u015fgalci \u0130srail tutukevlerinde bulunan Suriyeli ve Filistinli esirlerle dayan\u0131\u015fma amac\u0131yla \u015eam\u2019daki K\u0131z\u0131lha\u00e7 \u00d6rg\u00fct\u00fc Binas\u0131 \u00f6n\u00fcnde eylem d\u00fczenleyenler, a\u00e7l\u0131k grevinde bulunan esirlerin kurtar\u0131lmas\u0131 ve i\u015fgal otoritelerinin bask\u0131lar\u0131na son verilmesi \u00e7a\u011fr\u0131s\u0131nda bulundular<\/p>\n<p>https:\/\/youtu.be\/0sGPtUFOhBU<\/p>\n<p>R.H.<\/p>\n","protected":false},"excerpt":{"rendered":"<p>\u0130\u015fgalci \u0130srail tutukevlerinde bulunan Suriyeli ve Filistinli esirlerle dayan\u0131\u015fma amac\u0131yla \u015eam\u2019daki K\u0131z\u0131lha\u00e7 \u00d6rg\u00fct\u00fc Binas\u0131 \u00f6n\u00fcnde eylem d\u00fczenleyenler, a\u00e7l\u0131k grevinde bulunan esirlerin kurtar\u0131lmas\u0131 ve i\u015fgal otoritelerinin bask\u0131lar\u0131na son verilmesi \u00e7a\u011fr\u0131s\u0131nda bulundular https:\/\/youtu.be\/0sGPtUFOhBU R.H.<\/p>\n","protected":false},"author":1,"featured_media":84955,"comment_status":"closed","ping_status":"closed","sticky":false,"template":"","format":"standard","meta":{"footnotes":""},"categories":[18295],"tags":[23410,23399],"class_list":["post-84954","post","type-post","status-publish","format-standard","has-post-thumbnail","","category-sana-video","tag-aclik-grevinde-bulunan-esirlerin-kurtarilmasi-ve-isgal-otoritelerinin-baskilarina-son-verilmesi-cagrisinda-bulundular","tag-isgalci-israil-tutukevlerinde-bulunan-suriyeli-ve-filistinli-esirlerle-dayanisma-amaciyla-samdaki-kizilhac-orgutu-binasi-onunde-eylem-duzenleyenler"],"_links":{"self":[{"href":"https:\/\/archive.sana.sy\/tr\/index.php?rest_route=\/wp\/v2\/posts\/84954","targetHints":{"allow":["GET"]}}],"collection":[{"href":"https:\/\/archive.sana.sy\/tr\/index.php?rest_route=\/wp\/v2\/posts"}],"about":[{"href":"https:\/\/archive.sana.sy\/tr\/index.php?rest_route=\/wp\/v2\/types\/post"}],"author":[{"embeddable":true,"href":"https:\/\/archive.sana.sy\/tr\/index.php?rest_route=\/wp\/v2\/users\/1"}],"replies":[{"embeddable":true,"href":"https:\/\/archive.sana.sy\/tr\/index.php?rest_route=%2Fwp%2Fv2%2Fcomments&post=84954"}],"version-history":[{"count":0,"href":"https:\/\/archive.sana.sy\/tr\/index.php?rest_route=\/wp\/v2\/posts\/84954\/revisions"}],"wp:featuredmedia":[{"embeddable":true,"href":"https:\/\/archive.sana.sy\/tr\/index.php?rest_route=\/wp\/v2\/media\/84955"}],"wp:attachment":[{"href":"https:\/\/archive.sana.sy\/tr\/index.php?rest_route=%2Fwp%2Fv2%2Fmedia&parent=84954"}],"wp:term":[{"taxonomy":"category","embeddable":true,"href":"https:\/\/archive.sana.sy\/tr\/index.php?rest_route=%2Fwp%2Fv2%2Fcategories&post=84954"},{"taxonomy":"post_tag","embeddable":true,"href":"https:\/\/archive.sana.sy\/tr\/index.php?rest_route=%2Fwp%2Fv2%2Ftags&post=84954"}],"curies":[{"name":"wp","href":"https:\/\/api.w.org\/{rel}","templated":true}]}}