{"id":84957,"date":"2016-08-24T22:15:10","date_gmt":"2016-08-24T19:15:10","guid":{"rendered":"http:\/\/www.sana.sy\/tr\/?p=84957"},"modified":"2016-08-26T11:23:22","modified_gmt":"2016-08-26T08:23:22","slug":"haseke-kentine-sessizlik-ve-huzur-hakim-oldu-hayat-normale-dondu","status":"publish","type":"post","link":"https:\/\/archive.sana.sy\/tr\/?p=84957","title":{"rendered":"Haseke Kentine Sessizlik ve Huzur Hakim Oldu\u2026 Hayat Normale D\u00f6nd\u00fc"},"content":{"rendered":"<p>HASEKE \u2013 Ge\u00e7ti\u011fimiz hafta sivil konut b\u00f6lgelerini, hizmet kurumlar\u0131 ve Suriye Arap Ordusu mevkilerini hedef almaya ba\u015flayan K\u00fcrdistan \u0130\u015f\u00e7i Partisinin askeri kanad\u0131 &#8216;asayi\u015f g\u00fc\u00e7leri&#8217; ile Suriye h\u00fck\u00fcmeti resmi g\u00fc\u00e7leri aras\u0131nda \u00e7at\u0131\u015fmalar\u0131n durdurulmas\u0131 anla\u015fmas\u0131na ula\u015f\u0131lmas\u0131n\u0131n ard\u0131ndan Haseke Kentinde hayat normale d\u00f6nerken i\u015fyerleri ve al\u0131\u015fveri\u015f faaliyetleri yeniden ba\u015flay\u0131p kentin t\u00fcm\u00fcnde sessizlik ve huzur hakim oldu.<\/p>\n<p>SANA muhabiri &#8216;asayi\u015f g\u00fc\u00e7leri&#8217; ile Suriye h\u00fck\u00fcmeti resmi g\u00fc\u00e7leri aras\u0131nda \u00e7at\u0131\u015fmalar\u0131n durdurulmas\u0131 anla\u015fmas\u0131na ula\u015f\u0131ld\u0131ktan sonra bug\u00fcn iki taraf aras\u0131nda \u015fehit cenazeleri ve yaral\u0131 m\u00fcbadelesinin ba\u015flad\u0131\u011f\u0131n\u0131 aktard\u0131. Muhabir Suriye resmi g\u00fc\u00e7lere ait \u015fehit cenazeleri ve yaral\u0131lar\u0131n Kam\u0131\u015fl\u0131 Devlet Hastanesine sevk edildi\u011fini belirtti.<\/p>\n<p>&#8216;Asayi\u015f g\u00fc\u00e7leri&#8217;nin ge\u00e7ti\u011fimiz hafta Haseke-Kam\u0131\u015fl\u0131 yolunu kapatarak Haseke Kentini ablukaya ald\u0131\u011f\u0131n\u0131 hat\u0131rlatan muhabirimiz, anla\u015fmadan sonra Haseke &#8211; Kam\u0131\u015fl\u0131 yolunun ula\u015f\u0131ma a\u00e7\u0131ld\u0131\u011f\u0131n\u0131 belirtti.<\/p>\n<p>Di\u011fer taraftan Haseke Valisi Muhammed Zeal el Ali gazetecilere yapt\u0131\u011f\u0131 a\u00e7\u0131klamada kenti terk etmek zorunda kalan Hasekelilere evlerine d\u00f6nme \u00e7a\u011fr\u0131s\u0131nda bulunarak Suriye devletinin vatanda\u015flar\u0131n\u0131 korumaya verdi\u011fi \u00f6nemin bir yans\u0131mas\u0131 olan anla\u015fmadan sonra kentte g\u00fcvenlik ve istikrar\u0131n sa\u011fland\u0131\u011f\u0131n\u0131n alt\u0131n\u0131 \u00e7izdi.<\/p>\n<p>Ali ayr\u0131ca Valili\u011fin Haseke Kentinde vatanda\u015fa b\u00fct\u00fcn temel hizmetleri sunmak amac\u0131yla \u00e7abalar\u0131n\u0131 kesintisiz bir \u015fekilde s\u00fcrd\u00fcrd\u00fc\u011f\u00fcne dikkat \u00e7ekerek &#8216;asayi\u015f g\u00fc\u00e7leri&#8217; taraf\u0131ndan tahrip edilen elektrik ve i\u00e7me sular\u0131 \u015febekelerinin onar\u0131m ve yeniden yap\u0131lanmas\u0131 faaliyetlerinin son h\u0131zla devam etti\u011finin alt\u0131n\u0131 \u00e7izdi.<\/p>\n<p>R.H. &#8211; R.H.<\/p>\n","protected":false},"excerpt":{"rendered":"<p>HASEKE \u2013 Ge\u00e7ti\u011fimiz hafta sivil konut b\u00f6lgelerini, hizmet kurumlar\u0131 ve Suriye Arap Ordusu mevkilerini hedef almaya ba\u015flayan K\u00fcrdistan \u0130\u015f\u00e7i Partisinin askeri kanad\u0131 &#8216;asayi\u015f g\u00fc\u00e7leri&#8217; ile Suriye h\u00fck\u00fcmeti resmi g\u00fc\u00e7leri aras\u0131nda \u00e7at\u0131\u015fmalar\u0131n durdurulmas\u0131 anla\u015fmas\u0131na ula\u015f\u0131lmas\u0131n\u0131n ard\u0131ndan Haseke Kentinde hayat normale d\u00f6nerken i\u015fyerleri ve al\u0131\u015fveri\u015f faaliyetleri yeniden ba\u015flay\u0131p kentin t\u00fcm\u00fcnde sessizlik ve huzur hakim oldu. SANA muhabiri &hellip;<\/p>\n","protected":false},"author":1,"featured_media":84958,"comment_status":"closed","ping_status":"closed","sticky":false,"template":"","format":"standard","meta":{"footnotes":""},"categories":[479,17988,478],"tags":[23309,23411,20161,23420,19954,20162,11549,19897],"class_list":["post-84957","post","type-post","status-publish","format-standard","has-post-thumbnail","","category-haberler-yerel","category-son-haberler","category-yerel","tag-asayis-gucleri","tag-haseke-kentine-sessizlik-ve-huzur-hakim-oldu-hayat-normale-dondu","tag-haseke-valisi","tag-hasekede-son-durum","tag-kamisli","tag-muhammed-zeal-el-ali","tag-suriye-ordusu","tag-suriyeli-kurtler"],"_links":{"self":[{"href":"https:\/\/archive.sana.sy\/tr\/index.php?rest_route=\/wp\/v2\/posts\/84957","targetHints":{"allow":["GET"]}}],"collection":[{"href":"https:\/\/archive.sana.sy\/tr\/index.php?rest_route=\/wp\/v2\/posts"}],"about":[{"href":"https:\/\/archive.sana.sy\/tr\/index.php?rest_route=\/wp\/v2\/types\/post"}],"author":[{"embeddable":true,"href":"https:\/\/archive.sana.sy\/tr\/index.php?rest_route=\/wp\/v2\/users\/1"}],"replies":[{"embeddable":true,"href":"https:\/\/archive.sana.sy\/tr\/index.php?rest_route=%2Fwp%2Fv2%2Fcomments&post=84957"}],"version-history":[{"count":0,"href":"https:\/\/archive.sana.sy\/tr\/index.php?rest_route=\/wp\/v2\/posts\/84957\/revisions"}],"wp:featuredmedia":[{"embeddable":true,"href":"https:\/\/archive.sana.sy\/tr\/index.php?rest_route=\/wp\/v2\/media\/84958"}],"wp:attachment":[{"href":"https:\/\/archive.sana.sy\/tr\/index.php?rest_route=%2Fwp%2Fv2%2Fmedia&parent=84957"}],"wp:term":[{"taxonomy":"category","embeddable":true,"href":"https:\/\/archive.sana.sy\/tr\/index.php?rest_route=%2Fwp%2Fv2%2Fcategories&post=84957"},{"taxonomy":"post_tag","embeddable":true,"href":"https:\/\/archive.sana.sy\/tr\/index.php?rest_route=%2Fwp%2Fv2%2Ftags&post=84957"}],"curies":[{"name":"wp","href":"https:\/\/api.w.org\/{rel}","templated":true}]}}