{"id":84988,"date":"2016-08-25T11:44:52","date_gmt":"2016-08-25T08:44:52","guid":{"rendered":"http:\/\/www.sana.sy\/tr\/?p=84988"},"modified":"2016-08-25T12:47:15","modified_gmt":"2016-08-25T09:47:15","slug":"okullarin-yaklasmasiyla-samdaki-emeviler-alisveris-merkezinde-kirtasiye-ve-okul-gereksinimleri-fuari-basladi","status":"publish","type":"post","link":"https:\/\/archive.sana.sy\/tr\/?p=84988","title":{"rendered":"Okullar\u0131n yakla\u015fmas\u0131yla \u015eam\u2019daki Emeviler Al\u0131\u015fveri\u015f Merkezinde k\u0131rtasiye ve okul gereksinimleri fuar\u0131 ba\u015flad\u0131"},"content":{"rendered":"<p>Okullar\u0131n yakla\u015fmas\u0131yla \u015eam\u2019daki Emeviler Al\u0131\u015fveri\u015f Merkezinde k\u0131rtasiye ve okul gereksinimleri fuar\u0131 ba\u015flad\u0131<\/p>\n<p>https:\/\/youtu.be\/Z2CNLRLMjdA<\/p>\n<p>R.H.<\/p>\n<p>&nbsp;<\/p>\n","protected":false},"excerpt":{"rendered":"<p>Okullar\u0131n yakla\u015fmas\u0131yla \u015eam\u2019daki Emeviler Al\u0131\u015fveri\u015f Merkezinde k\u0131rtasiye ve okul gereksinimleri fuar\u0131 ba\u015flad\u0131 https:\/\/youtu.be\/Z2CNLRLMjdA R.H. &nbsp;<\/p>\n","protected":false},"author":1,"featured_media":84991,"comment_status":"closed","ping_status":"closed","sticky":false,"template":"","format":"standard","meta":{"footnotes":""},"categories":[18295],"tags":[23419],"class_list":["post-84988","post","type-post","status-publish","format-standard","has-post-thumbnail","","category-sana-video","tag-okullarin-yaklasmasiyla-samdaki-emeviler-alisveris-merkezinde-kirtasiye-ve-okul-gereksinimleri-fuari-basladi"],"_links":{"self":[{"href":"https:\/\/archive.sana.sy\/tr\/index.php?rest_route=\/wp\/v2\/posts\/84988","targetHints":{"allow":["GET"]}}],"collection":[{"href":"https:\/\/archive.sana.sy\/tr\/index.php?rest_route=\/wp\/v2\/posts"}],"about":[{"href":"https:\/\/archive.sana.sy\/tr\/index.php?rest_route=\/wp\/v2\/types\/post"}],"author":[{"embeddable":true,"href":"https:\/\/archive.sana.sy\/tr\/index.php?rest_route=\/wp\/v2\/users\/1"}],"replies":[{"embeddable":true,"href":"https:\/\/archive.sana.sy\/tr\/index.php?rest_route=%2Fwp%2Fv2%2Fcomments&post=84988"}],"version-history":[{"count":0,"href":"https:\/\/archive.sana.sy\/tr\/index.php?rest_route=\/wp\/v2\/posts\/84988\/revisions"}],"wp:featuredmedia":[{"embeddable":true,"href":"https:\/\/archive.sana.sy\/tr\/index.php?rest_route=\/wp\/v2\/media\/84991"}],"wp:attachment":[{"href":"https:\/\/archive.sana.sy\/tr\/index.php?rest_route=%2Fwp%2Fv2%2Fmedia&parent=84988"}],"wp:term":[{"taxonomy":"category","embeddable":true,"href":"https:\/\/archive.sana.sy\/tr\/index.php?rest_route=%2Fwp%2Fv2%2Fcategories&post=84988"},{"taxonomy":"post_tag","embeddable":true,"href":"https:\/\/archive.sana.sy\/tr\/index.php?rest_route=%2Fwp%2Fv2%2Ftags&post=84988"}],"curies":[{"name":"wp","href":"https:\/\/api.w.org\/{rel}","templated":true}]}}