{"id":85028,"date":"2016-08-25T13:30:55","date_gmt":"2016-08-25T10:30:55","guid":{"rendered":"http:\/\/www.sana.sy\/tr\/?p=85028"},"modified":"2016-08-26T15:10:08","modified_gmt":"2016-08-26T12:10:08","slug":"el-esad-cin-buyukelcisinin-guven-mektubunu-kabul-etti","status":"publish","type":"post","link":"https:\/\/archive.sana.sy\/tr\/?p=85028","title":{"rendered":"El Esad \u00c7in B\u00fcy\u00fckel\u00e7isinin G\u00fcven Mektubunu Kabul Etti"},"content":{"rendered":"<p>\u015eAM \u2013 Cumhurba\u015fkan\u0131 Be\u015f\u015far el Esad bug\u00fcn \u00c7in Halk Cumhuriyetinin yeni \u015eam B\u00fcy\u00fckel\u00e7isi Qi Qianjin\u2019in g\u00fcven mektubunu kabul etti.<\/p>\n<p>El Esad g\u00fcven mektubunu teslim t\u00f6reni ard\u0131ndan \u00c7in\u2019in yeni b\u00fcy\u00fckel\u00e7isi ile bir araya gelerek g\u00f6revinde ba\u015far\u0131lar temennilerinde bulundu.<\/p>\n<p>G\u00fcven mektubunu teslim t\u00f6renine Ba\u015fbakan Yard\u0131mc\u0131s\u0131 D\u0131\u015fi\u015fleri ve Gurbet\u00e7iler Bakan\u0131 Velid el Muallim ve Cumhurba\u015fkanl\u0131\u011f\u0131 \u0130\u015flerinden Sorumlu Devlet Bakan\u0131 Mansur Azzam kat\u0131ld\u0131.<\/p>\n<p>\u00c7in Halk Cumhuriyetinin yeni b\u00fcy\u00fckel\u00e7isi Halk Saray\u0131nda protokol t\u00f6reni ile kar\u015f\u0131lan\u0131p u\u011furland\u0131.<\/p>\n<div id='gallery-1' class='gallery galleryid-85028 gallery-columns-3 gallery-size-thumbnail'><figure class='gallery-item'>\n\t\t\t<div class='gallery-icon landscape'>\n\t\t\t\t<a href='https:\/\/archive.sana.sy\/tr\/wp-content\/uploads\/2016\/08\/MPA_7448.jpg'><img loading=\"lazy\" decoding=\"async\" width=\"150\" height=\"106\" src=\"https:\/\/archive.sana.sy\/tr\/wp-content\/uploads\/2016\/08\/MPA_7448-150x106.jpg\" class=\"attachment-thumbnail size-thumbnail\" alt=\"\" srcset=\"https:\/\/archive.sana.sy\/tr\/wp-content\/uploads\/2016\/08\/MPA_7448-150x106.jpg 150w, https:\/\/archive.sana.sy\/tr\/wp-content\/uploads\/2016\/08\/MPA_7448-300x212.jpg 300w, https:\/\/archive.sana.sy\/tr\/wp-content\/uploads\/2016\/08\/MPA_7448-768x542.jpg 768w, https:\/\/archive.sana.sy\/tr\/wp-content\/uploads\/2016\/08\/MPA_7448-1024x723.jpg 1024w\" sizes=\"auto, (max-width: 150px) 100vw, 150px\" \/><\/a>\n\t\t\t<\/div><\/figure><figure class='gallery-item'>\n\t\t\t<div class='gallery-icon landscape'>\n\t\t\t\t<a href='https:\/\/archive.sana.sy\/tr\/wp-content\/uploads\/2016\/08\/MPA_7436.jpg'><img loading=\"lazy\" decoding=\"async\" width=\"150\" height=\"82\" src=\"https:\/\/archive.sana.sy\/tr\/wp-content\/uploads\/2016\/08\/MPA_7436-150x82.jpg\" class=\"attachment-thumbnail size-thumbnail\" alt=\"\" srcset=\"https:\/\/archive.sana.sy\/tr\/wp-content\/uploads\/2016\/08\/MPA_7436-150x82.jpg 150w, https:\/\/archive.sana.sy\/tr\/wp-content\/uploads\/2016\/08\/MPA_7436-300x165.jpg 300w, https:\/\/archive.sana.sy\/tr\/wp-content\/uploads\/2016\/08\/MPA_7436-768x422.jpg 768w, https:\/\/archive.sana.sy\/tr\/wp-content\/uploads\/2016\/08\/MPA_7436-1024x563.jpg 1024w\" sizes=\"auto, (max-width: 150px) 100vw, 150px\" \/><\/a>\n\t\t\t<\/div><\/figure><figure class='gallery-item'>\n\t\t\t<div class='gallery-icon landscape'>\n\t\t\t\t<a href='https:\/\/archive.sana.sy\/tr\/wp-content\/uploads\/2016\/08\/DSC_5546.jpg'><img loading=\"lazy\" decoding=\"async\" width=\"150\" height=\"81\" src=\"https:\/\/archive.sana.sy\/tr\/wp-content\/uploads\/2016\/08\/DSC_5546-150x81.jpg\" class=\"attachment-thumbnail size-thumbnail\" alt=\"\" srcset=\"https:\/\/archive.sana.sy\/tr\/wp-content\/uploads\/2016\/08\/DSC_5546-150x81.jpg 150w, https:\/\/archive.sana.sy\/tr\/wp-content\/uploads\/2016\/08\/DSC_5546-300x163.jpg 300w, https:\/\/archive.sana.sy\/tr\/wp-content\/uploads\/2016\/08\/DSC_5546-768x417.jpg 768w, https:\/\/archive.sana.sy\/tr\/wp-content\/uploads\/2016\/08\/DSC_5546-1024x556.jpg 1024w, https:\/\/archive.sana.sy\/tr\/wp-content\/uploads\/2016\/08\/DSC_5546-310x165.jpg 310w\" sizes=\"auto, (max-width: 150px) 100vw, 150px\" \/><\/a>\n\t\t\t<\/div><\/figure>\n\t\t<\/div>\n\n<p>&nbsp;<\/p>\n","protected":false},"excerpt":{"rendered":"<p>\u015eAM \u2013 Cumhurba\u015fkan\u0131 Be\u015f\u015far el Esad bug\u00fcn \u00c7in Halk Cumhuriyetinin yeni \u015eam B\u00fcy\u00fckel\u00e7isi Qi Qianjin\u2019in g\u00fcven mektubunu kabul etti. El Esad g\u00fcven mektubunu teslim t\u00f6reni ard\u0131ndan \u00c7in\u2019in yeni b\u00fcy\u00fckel\u00e7isi ile bir araya gelerek g\u00f6revinde ba\u015far\u0131lar temennilerinde bulundu. G\u00fcven mektubunu teslim t\u00f6renine Ba\u015fbakan Yard\u0131mc\u0131s\u0131 D\u0131\u015fi\u015fleri ve Gurbet\u00e7iler Bakan\u0131 Velid el Muallim ve Cumhurba\u015fkanl\u0131\u011f\u0131 \u0130\u015flerinden Sorumlu Devlet &hellip;<\/p>\n","protected":false},"author":1,"featured_media":85030,"comment_status":"closed","ping_status":"closed","sticky":false,"template":"","format":"standard","meta":{"footnotes":""},"categories":[608,479,605,17988,478],"tags":[17256,23424,8767,23425],"class_list":["post-85028","post","type-post","status-publish","format-standard","has-post-thumbnail","","category-etkinlikler","category-haberler-yerel","category-sayin-cumhurbaskani","category-son-haberler","category-yerel","tag-bessar-el-esad","tag-cinin-sam-buyukelcisi","tag-cumhurbaskani","tag-guven-mektubu"],"_links":{"self":[{"href":"https:\/\/archive.sana.sy\/tr\/index.php?rest_route=\/wp\/v2\/posts\/85028","targetHints":{"allow":["GET"]}}],"collection":[{"href":"https:\/\/archive.sana.sy\/tr\/index.php?rest_route=\/wp\/v2\/posts"}],"about":[{"href":"https:\/\/archive.sana.sy\/tr\/index.php?rest_route=\/wp\/v2\/types\/post"}],"author":[{"embeddable":true,"href":"https:\/\/archive.sana.sy\/tr\/index.php?rest_route=\/wp\/v2\/users\/1"}],"replies":[{"embeddable":true,"href":"https:\/\/archive.sana.sy\/tr\/index.php?rest_route=%2Fwp%2Fv2%2Fcomments&post=85028"}],"version-history":[{"count":0,"href":"https:\/\/archive.sana.sy\/tr\/index.php?rest_route=\/wp\/v2\/posts\/85028\/revisions"}],"wp:featuredmedia":[{"embeddable":true,"href":"https:\/\/archive.sana.sy\/tr\/index.php?rest_route=\/wp\/v2\/media\/85030"}],"wp:attachment":[{"href":"https:\/\/archive.sana.sy\/tr\/index.php?rest_route=%2Fwp%2Fv2%2Fmedia&parent=85028"}],"wp:term":[{"taxonomy":"category","embeddable":true,"href":"https:\/\/archive.sana.sy\/tr\/index.php?rest_route=%2Fwp%2Fv2%2Fcategories&post=85028"},{"taxonomy":"post_tag","embeddable":true,"href":"https:\/\/archive.sana.sy\/tr\/index.php?rest_route=%2Fwp%2Fv2%2Ftags&post=85028"}],"curies":[{"name":"wp","href":"https:\/\/api.w.org\/{rel}","templated":true}]}}