{"id":85036,"date":"2016-08-25T09:00:56","date_gmt":"2016-08-25T06:00:56","guid":{"rendered":"http:\/\/www.sana.sy\/tr\/?p=85036"},"modified":"2016-08-25T14:01:25","modified_gmt":"2016-08-25T11:01:25","slug":"semt-meclisleri-icin-adaylik-basvurulari-basladi","status":"publish","type":"post","link":"https:\/\/archive.sana.sy\/tr\/?p=85036","title":{"rendered":"Semt Meclisleri \u0130\u00e7in Adayl\u0131k Ba\u015fvurular\u0131 Ba\u015flad\u0131"},"content":{"rendered":"<p>HALEP \u2013 Halep \u015eehir Meclisi bug\u00fcn kentte semt meclisleri i\u00e7in adayl\u0131k ba\u015fvurular\u0131n\u0131n ba\u015flad\u0131\u011f\u0131n\u0131 ilan etti.<\/p>\n<p>Halep \u015eehir Meclisi Ba\u015fkan\u0131 Muhammed Eymen Hallak 31 A\u011fustos tarihine dek s\u00fcrecek ba\u015fvurularda m\u00fcmk\u00fcn oldu\u011funca y\u00fcksek say\u0131da vatanda\u015flar\u0131n kat\u0131l\u0131m\u0131n\u0131 sa\u011flamay\u0131 hedeflediklerini ifade etti. Hallak halk\u0131na ve semtine hizmet etme olana\u011f\u0131na sahip oldu\u011funu inanan herkesi ba\u015fvuruda bulunmaya \u00e7a\u011f\u0131rd\u0131.<\/p>\n","protected":false},"excerpt":{"rendered":"<p>HALEP \u2013 Halep \u015eehir Meclisi bug\u00fcn kentte semt meclisleri i\u00e7in adayl\u0131k ba\u015fvurular\u0131n\u0131n ba\u015flad\u0131\u011f\u0131n\u0131 ilan etti. Halep \u015eehir Meclisi Ba\u015fkan\u0131 Muhammed Eymen Hallak 31 A\u011fustos tarihine dek s\u00fcrecek ba\u015fvurularda m\u00fcmk\u00fcn oldu\u011funca y\u00fcksek say\u0131da vatanda\u015flar\u0131n kat\u0131l\u0131m\u0131n\u0131 sa\u011flamay\u0131 hedeflediklerini ifade etti. Hallak halk\u0131na ve semtine hizmet etme olana\u011f\u0131na sahip oldu\u011funu inanan herkesi ba\u015fvuruda bulunmaya \u00e7a\u011f\u0131rd\u0131.<\/p>\n","protected":false},"author":1,"featured_media":85041,"comment_status":"closed","ping_status":"closed","sticky":false,"template":"","format":"standard","meta":{"footnotes":""},"categories":[479,17988,478],"tags":[1132,16838,23426,23427,16591],"class_list":["post-85036","post","type-post","status-publish","format-standard","has-post-thumbnail","","category-haberler-yerel","category-son-haberler","category-yerel","tag-halep","tag-halk-meclisi","tag-sehir-meclisler","tag-semt-meclisi","tag-suriye"],"_links":{"self":[{"href":"https:\/\/archive.sana.sy\/tr\/index.php?rest_route=\/wp\/v2\/posts\/85036","targetHints":{"allow":["GET"]}}],"collection":[{"href":"https:\/\/archive.sana.sy\/tr\/index.php?rest_route=\/wp\/v2\/posts"}],"about":[{"href":"https:\/\/archive.sana.sy\/tr\/index.php?rest_route=\/wp\/v2\/types\/post"}],"author":[{"embeddable":true,"href":"https:\/\/archive.sana.sy\/tr\/index.php?rest_route=\/wp\/v2\/users\/1"}],"replies":[{"embeddable":true,"href":"https:\/\/archive.sana.sy\/tr\/index.php?rest_route=%2Fwp%2Fv2%2Fcomments&post=85036"}],"version-history":[{"count":0,"href":"https:\/\/archive.sana.sy\/tr\/index.php?rest_route=\/wp\/v2\/posts\/85036\/revisions"}],"wp:featuredmedia":[{"embeddable":true,"href":"https:\/\/archive.sana.sy\/tr\/index.php?rest_route=\/wp\/v2\/media\/85041"}],"wp:attachment":[{"href":"https:\/\/archive.sana.sy\/tr\/index.php?rest_route=%2Fwp%2Fv2%2Fmedia&parent=85036"}],"wp:term":[{"taxonomy":"category","embeddable":true,"href":"https:\/\/archive.sana.sy\/tr\/index.php?rest_route=%2Fwp%2Fv2%2Fcategories&post=85036"},{"taxonomy":"post_tag","embeddable":true,"href":"https:\/\/archive.sana.sy\/tr\/index.php?rest_route=%2Fwp%2Fv2%2Ftags&post=85036"}],"curies":[{"name":"wp","href":"https:\/\/api.w.org\/{rel}","templated":true}]}}