{"id":85038,"date":"2016-08-25T08:00:25","date_gmt":"2016-08-25T05:00:25","guid":{"rendered":"http:\/\/www.sana.sy\/tr\/?p=85038"},"modified":"2016-08-26T11:22:04","modified_gmt":"2016-08-26T08:22:04","slug":"once-turkiyenin-icinde-mucadele-edilmelidir","status":"publish","type":"post","link":"https:\/\/archive.sana.sy\/tr\/?p=85038","title":{"rendered":"\u00d6nce T\u00fcrkiye&#8217;nin \u0130\u00e7inde M\u00fccadele Edilmelidir"},"content":{"rendered":"<p>NEW YORK \u2013 Suriye&#8217;nin BM\u2019deki Daimi Temsilcisi Be\u015f\u015far el Caferi; I\u015e\u0130D ile m\u00fccadelenin Suriye&#8217;de yap\u0131lmas\u0131ndan \u00f6nce, bu radikal \u00f6rg\u00fct\u00fcn temelini te\u015fkil eden T\u00fcrkiye&#8217;nin i\u00e7inde m\u00fccadele edilmesi gerekti\u011fini belirtti.<\/p>\n<p>Sputnik Haber Ajans\u0131na r\u00f6portaj veren Caferi; T\u00fcrkiye&#8217;nin, Suriye&#8217;nin egemenli\u011fini ihlal etmesi ve Halep k\u0131rsal\u0131n\u0131n kuzeyi Cerablus Kentine askeri sald\u0131r\u0131da bulunmas\u0131n\u0131n, I\u015e\u0130D\u2019e kar\u015f\u0131 s\u00f6zde m\u00fccadele etmek i\u00e7in uluslar aras\u0131 bir koalisyon te\u015fkil eden ABD\u2019yi \u00f6rnek ald\u0131\u011f\u0131n\u0131 kaydetti. Caferi T\u00fcrkiye&#8217;nin ABD\u2019yi \u00f6rnek almadan Cerablus Kentine askeri sald\u0131r\u0131da bulunma gibi bir ad\u0131ma cesaret etmesinin m\u00fcmk\u00fcn olmad\u0131\u011f\u0131n\u0131 ifade etti.<\/p>\n<p>Suriye&#8217;nin kuzeyinde T\u00fcrkiye ile s\u0131n\u0131rlarda ya\u015fananlar\u0131n eski bir mevzu oldu\u011funa dikkat \u00e7eken Caferi; T\u00fcrkiye rejiminin Suriye&#8217;de krizin ba\u015f\u0131ndan beri d\u00fcnyan\u0131n her yerinden gelen ter\u00f6ristlerin bar\u0131nd\u0131r\u0131p, e\u011fitmesi ve silahland\u0131rmas\u0131 ard\u0131ndan Suriye ve halk\u0131na kar\u015f\u0131 vah\u015fi eylemlerde bulunmaya g\u00f6nderdi\u011fini kaydetti. Caferi T\u00fcrkiye rejiminin k\u00f6rfez \u00fclkelerinin finans\u0131 ile Suriye&#8217;de radikal ter\u00f6re her t\u00fcrl\u00fc deste\u011fi temin eden ilk devlet oldu\u011funu belirtti.<\/p>\n<p>I\u015e\u0130D\u2019e kar\u015f\u0131 T\u00fcrkiye&#8217;de sava\u015fmadan Suriye&#8217;de bu radikal \u00d6rg\u00fcte kar\u015f\u0131 sava\u015fman\u0131n m\u00fcmk\u00fcn olmad\u0131\u011f\u0131n\u0131n alt\u0131n\u0131 \u00e7izen Caferi; T\u00fcrkiye&#8217;nin bu radikal ter\u00f6r \u00f6rg\u00fct\u00fcn\u00fcn temelini te\u015fkil etti\u011fini vurgulad\u0131. Caferi Cerablus\u2019ta I\u015e\u0130D\u2019e kar\u015f\u0131 sava\u015ft\u0131\u011f\u0131n\u0131 iddia eden T\u00fcrkiye rejiminin bizzat kendisinin bu radikal \u00f6rg\u00fct\u00fcn kurulmas\u0131na her t\u00fcrl\u00fc deste\u011fi temin edip destekledi\u011fini s\u00f6yledi. T\u00fcrkiye rejiminin I\u015e\u0130D\u2019e temin etti\u011fi ara\u00e7lar ve silahlar\u0131n yan\u0131 s\u0131ra lojistik ve be\u015feri deste\u011fe vurgu yapan Caferi; Ukrayna H\u0131rvatistan ve Bulgaristan\u2019dan bu radikal \u00f6rg\u00fct i\u00e7in sat\u0131n al\u0131nan silahlar\u0131n da malum oldu\u011funa i\u015faret etti.<\/p>\n<p>Caferi Suriye&#8217;ye yard\u0131m etmek yada ger\u00e7ekten ter\u00f6rle m\u00fccadele etmek isteyenlerin Suriye h\u00fck\u00fcmeti ve ordusu ile koordinasyonda olmalar\u0131 gere\u011finin bir kez daha alt\u0131n\u0131 \u00e7izdi.<\/p>\n<p>\u00d6te yandan Caferi; Suriye&#8217;de bir\u00e7ok yerde ter\u00f6ristler taraf\u0131ndan kimyasal silahlar\u0131n kullan\u0131lmas\u0131nda yabanc\u0131 g\u00fc\u00e7 ve devletlerin parma\u011f\u0131 oldu\u011funa vurgu yaparak, Suriye&#8217;nin bu konuda kesin bilgilere sahip oldu\u011funun alt\u0131n\u0131 \u00e7izdi.<\/p>\n","protected":false},"excerpt":{"rendered":"<p>NEW YORK \u2013 Suriye&#8217;nin BM\u2019deki Daimi Temsilcisi Be\u015f\u015far el Caferi; I\u015e\u0130D ile m\u00fccadelenin Suriye&#8217;de yap\u0131lmas\u0131ndan \u00f6nce, bu radikal \u00f6rg\u00fct\u00fcn temelini te\u015fkil eden T\u00fcrkiye&#8217;nin i\u00e7inde m\u00fccadele edilmesi gerekti\u011fini belirtti. Sputnik Haber Ajans\u0131na r\u00f6portaj veren Caferi; T\u00fcrkiye&#8217;nin, Suriye&#8217;nin egemenli\u011fini ihlal etmesi ve Halep k\u0131rsal\u0131n\u0131n kuzeyi Cerablus Kentine askeri sald\u0131r\u0131da bulunmas\u0131n\u0131n, I\u015e\u0130D\u2019e kar\u015f\u0131 s\u00f6zde m\u00fccadele etmek i\u00e7in uluslar &hellip;<\/p>\n","protected":false},"author":1,"featured_media":85043,"comment_status":"closed","ping_status":"closed","sticky":false,"template":"","format":"standard","meta":{"footnotes":""},"categories":[17988,2554,2555],"tags":[18867,23428,23429,2318,4076],"class_list":["post-85038","post","type-post","status-publish","format-standard","has-post-thumbnail","","category-son-haberler","category-suriye-ve-dunya","category-suriye-ve-turkiye","tag-bessar-el-caferi","tag-bm-daimi-temsilcisi","tag-cerablus-kentine-operasyon","tag-isid","tag-terorle-mucadele"],"_links":{"self":[{"href":"https:\/\/archive.sana.sy\/tr\/index.php?rest_route=\/wp\/v2\/posts\/85038","targetHints":{"allow":["GET"]}}],"collection":[{"href":"https:\/\/archive.sana.sy\/tr\/index.php?rest_route=\/wp\/v2\/posts"}],"about":[{"href":"https:\/\/archive.sana.sy\/tr\/index.php?rest_route=\/wp\/v2\/types\/post"}],"author":[{"embeddable":true,"href":"https:\/\/archive.sana.sy\/tr\/index.php?rest_route=\/wp\/v2\/users\/1"}],"replies":[{"embeddable":true,"href":"https:\/\/archive.sana.sy\/tr\/index.php?rest_route=%2Fwp%2Fv2%2Fcomments&post=85038"}],"version-history":[{"count":0,"href":"https:\/\/archive.sana.sy\/tr\/index.php?rest_route=\/wp\/v2\/posts\/85038\/revisions"}],"wp:featuredmedia":[{"embeddable":true,"href":"https:\/\/archive.sana.sy\/tr\/index.php?rest_route=\/wp\/v2\/media\/85043"}],"wp:attachment":[{"href":"https:\/\/archive.sana.sy\/tr\/index.php?rest_route=%2Fwp%2Fv2%2Fmedia&parent=85038"}],"wp:term":[{"taxonomy":"category","embeddable":true,"href":"https:\/\/archive.sana.sy\/tr\/index.php?rest_route=%2Fwp%2Fv2%2Fcategories&post=85038"},{"taxonomy":"post_tag","embeddable":true,"href":"https:\/\/archive.sana.sy\/tr\/index.php?rest_route=%2Fwp%2Fv2%2Ftags&post=85038"}],"curies":[{"name":"wp","href":"https:\/\/api.w.org\/{rel}","templated":true}]}}