{"id":85039,"date":"2016-08-25T09:12:50","date_gmt":"2016-08-25T06:12:50","guid":{"rendered":"http:\/\/www.sana.sy\/tr\/?p=85039"},"modified":"2016-08-25T14:31:36","modified_gmt":"2016-08-25T11:31:36","slug":"esad-tekellesmeyle-mucadele-ve-rekabet-kamu-kurumunun-ic-ticaret-ve-tuketiciyi-koruma-bakanina-adli-tip-kamu-kurumunun-da-saglik-bakanina-bilimsel-arastirma-yuksek-kurumunun-yuksek-ogretim-bakanina","status":"publish","type":"post","link":"https:\/\/archive.sana.sy\/tr\/?p=85039","title":{"rendered":"Esad Tekelle\u015fmeyle M\u00fccadele ve Rekabet Kamu Kurumunun i\u00e7 ticaret ve t\u00fcketiciyi koruma bakan\u0131na, Adli T\u0131p Kamu Kurumunun da sa\u011fl\u0131k bakan\u0131na, Bilimsel Ara\u015ft\u0131rma Y\u00fcksek Kurumunun y\u00fcksek \u00f6\u011fretim bakan\u0131na, Devlet Personelleri Sicili Kurumunun \u00e7al\u0131\u015fma ve sosyal i\u015fler bakan\u0131na, Ba\u015fbakanl\u0131\u011fa tabi Matbaa M\u00fcd\u00fcrl\u00fc\u011f\u00fcn\u00fcn de k\u00fclt\u00fcr bakanl\u0131\u011f\u0131na tabi olmalar\u0131n\u0131 \u00f6ng\u00f6ren 2016\/19 say\u0131l\u0131 yasama karar\u0131n\u0131 onaylad\u0131"},"content":{"rendered":"<p>Esad Tekelle\u015fmeyle M\u00fccadele ve Rekabet Kamu Kurumunun i\u00e7 ticaret ve t\u00fcketiciyi koruma bakan\u0131na, Adli T\u0131p Kamu Kurumunun da sa\u011fl\u0131k bakan\u0131na, Bilimsel Ara\u015ft\u0131rma Y\u00fcksek Kurumunun y\u00fcksek \u00f6\u011fretim bakan\u0131na, Devlet Personelleri Sicili Kurumunun \u00e7al\u0131\u015fma ve sosyal i\u015fler bakan\u0131na, Ba\u015fbakanl\u0131\u011fa tabi Matbaa M\u00fcd\u00fcrl\u00fc\u011f\u00fcn\u00fcn de k\u00fclt\u00fcr bakanl\u0131\u011f\u0131na tabi olmalar\u0131n\u0131 \u00f6ng\u00f6ren 2016\/19 say\u0131l\u0131 yasama karar\u0131n\u0131 onaylad\u0131<\/p>\n","protected":false},"excerpt":{"rendered":"<p>Esad Tekelle\u015fmeyle M\u00fccadele ve Rekabet Kamu Kurumunun i\u00e7 ticaret ve t\u00fcketiciyi koruma bakan\u0131na, Adli T\u0131p Kamu Kurumunun da sa\u011fl\u0131k bakan\u0131na, Bilimsel Ara\u015ft\u0131rma Y\u00fcksek Kurumunun y\u00fcksek \u00f6\u011fretim bakan\u0131na, Devlet Personelleri Sicili Kurumunun \u00e7al\u0131\u015fma ve sosyal i\u015fler bakan\u0131na, Ba\u015fbakanl\u0131\u011fa tabi Matbaa M\u00fcd\u00fcrl\u00fc\u011f\u00fcn\u00fcn de k\u00fclt\u00fcr bakanl\u0131\u011f\u0131na tabi olmalar\u0131n\u0131 \u00f6ng\u00f6ren 2016\/19 say\u0131l\u0131 yasama karar\u0131n\u0131 onaylad\u0131<\/p>\n","protected":false},"author":1,"featured_media":0,"comment_status":"closed","ping_status":"closed","sticky":false,"template":"","format":"standard","meta":{"footnotes":""},"categories":[17991],"tags":[],"class_list":["post-85039","post","type-post","status-publish","format-standard","","category-son-dakika"],"_links":{"self":[{"href":"https:\/\/archive.sana.sy\/tr\/index.php?rest_route=\/wp\/v2\/posts\/85039","targetHints":{"allow":["GET"]}}],"collection":[{"href":"https:\/\/archive.sana.sy\/tr\/index.php?rest_route=\/wp\/v2\/posts"}],"about":[{"href":"https:\/\/archive.sana.sy\/tr\/index.php?rest_route=\/wp\/v2\/types\/post"}],"author":[{"embeddable":true,"href":"https:\/\/archive.sana.sy\/tr\/index.php?rest_route=\/wp\/v2\/users\/1"}],"replies":[{"embeddable":true,"href":"https:\/\/archive.sana.sy\/tr\/index.php?rest_route=%2Fwp%2Fv2%2Fcomments&post=85039"}],"version-history":[{"count":0,"href":"https:\/\/archive.sana.sy\/tr\/index.php?rest_route=\/wp\/v2\/posts\/85039\/revisions"}],"wp:attachment":[{"href":"https:\/\/archive.sana.sy\/tr\/index.php?rest_route=%2Fwp%2Fv2%2Fmedia&parent=85039"}],"wp:term":[{"taxonomy":"category","embeddable":true,"href":"https:\/\/archive.sana.sy\/tr\/index.php?rest_route=%2Fwp%2Fv2%2Fcategories&post=85039"},{"taxonomy":"post_tag","embeddable":true,"href":"https:\/\/archive.sana.sy\/tr\/index.php?rest_route=%2Fwp%2Fv2%2Ftags&post=85039"}],"curies":[{"name":"wp","href":"https:\/\/api.w.org\/{rel}","templated":true}]}}