{"id":85040,"date":"2016-08-25T08:30:58","date_gmt":"2016-08-25T05:30:58","guid":{"rendered":"http:\/\/www.sana.sy\/tr\/?p=85040"},"modified":"2016-08-25T14:30:50","modified_gmt":"2016-08-25T11:30:50","slug":"cumhurbaskani-el-esad-hamada-insaat-muhendisligi-fakultesinin-acilmasini-ongoren-2016271-sayili-kararnameyi-onayladi","status":"publish","type":"post","link":"https:\/\/archive.sana.sy\/tr\/?p=85040","title":{"rendered":"Cumhurba\u015fkan\u0131 el Esad Hama\u2019da \u0130n\u015faat M\u00fchendisli\u011fi fak\u00fcltesinin a\u00e7\u0131lmas\u0131n\u0131 \u00f6ng\u00f6ren 2016\/271 say\u0131l\u0131 kararnameyi onaylad\u0131"},"content":{"rendered":"<p>Cumhurba\u015fkan\u0131 el Esad Hama\u2019da \u0130n\u015faat M\u00fchendisli\u011fi fak\u00fcltesinin a\u00e7\u0131lmas\u0131n\u0131 \u00f6ng\u00f6ren 2016\/271 say\u0131l\u0131 kararnameyi onaylad\u0131<\/p>\n","protected":false},"excerpt":{"rendered":"<p>Cumhurba\u015fkan\u0131 el Esad Hama\u2019da \u0130n\u015faat M\u00fchendisli\u011fi fak\u00fcltesinin a\u00e7\u0131lmas\u0131n\u0131 \u00f6ng\u00f6ren 2016\/271 say\u0131l\u0131 kararnameyi onaylad\u0131<\/p>\n","protected":false},"author":1,"featured_media":0,"comment_status":"closed","ping_status":"closed","sticky":false,"template":"","format":"standard","meta":{"footnotes":""},"categories":[17991],"tags":[],"class_list":["post-85040","post","type-post","status-publish","format-standard","","category-son-dakika"],"_links":{"self":[{"href":"https:\/\/archive.sana.sy\/tr\/index.php?rest_route=\/wp\/v2\/posts\/85040","targetHints":{"allow":["GET"]}}],"collection":[{"href":"https:\/\/archive.sana.sy\/tr\/index.php?rest_route=\/wp\/v2\/posts"}],"about":[{"href":"https:\/\/archive.sana.sy\/tr\/index.php?rest_route=\/wp\/v2\/types\/post"}],"author":[{"embeddable":true,"href":"https:\/\/archive.sana.sy\/tr\/index.php?rest_route=\/wp\/v2\/users\/1"}],"replies":[{"embeddable":true,"href":"https:\/\/archive.sana.sy\/tr\/index.php?rest_route=%2Fwp%2Fv2%2Fcomments&post=85040"}],"version-history":[{"count":0,"href":"https:\/\/archive.sana.sy\/tr\/index.php?rest_route=\/wp\/v2\/posts\/85040\/revisions"}],"wp:attachment":[{"href":"https:\/\/archive.sana.sy\/tr\/index.php?rest_route=%2Fwp%2Fv2%2Fmedia&parent=85040"}],"wp:term":[{"taxonomy":"category","embeddable":true,"href":"https:\/\/archive.sana.sy\/tr\/index.php?rest_route=%2Fwp%2Fv2%2Fcategories&post=85040"},{"taxonomy":"post_tag","embeddable":true,"href":"https:\/\/archive.sana.sy\/tr\/index.php?rest_route=%2Fwp%2Fv2%2Ftags&post=85040"}],"curies":[{"name":"wp","href":"https:\/\/api.w.org\/{rel}","templated":true}]}}