{"id":85049,"date":"2016-08-25T09:20:40","date_gmt":"2016-08-25T06:20:40","guid":{"rendered":"http:\/\/www.sana.sy\/tr\/?p=85049"},"modified":"2016-08-25T14:34:10","modified_gmt":"2016-08-25T11:34:10","slug":"isidli-radikal-teroristler-homs-kirsalinin-dogusu-um-serc-koyune-yine-fuzelerle-saldirdi","status":"publish","type":"post","link":"https:\/\/archive.sana.sy\/tr\/?p=85049","title":{"rendered":"I\u015e\u0130D\u2019li radikal ter\u00f6ristler Homs K\u0131rsal\u0131n\u0131n do\u011fusu Um Serc K\u00f6y\u00fcne yine f\u00fczelerle sald\u0131rd\u0131"},"content":{"rendered":"<p>I\u015e\u0130D\u2019li radikal ter\u00f6ristler Homs K\u0131rsal\u0131n\u0131n do\u011fusu Um Serc K\u00f6y\u00fcne yine f\u00fczelerle sald\u0131rd\u0131<\/p>\n","protected":false},"excerpt":{"rendered":"<p>I\u015e\u0130D\u2019li radikal ter\u00f6ristler Homs K\u0131rsal\u0131n\u0131n do\u011fusu Um Serc K\u00f6y\u00fcne yine f\u00fczelerle sald\u0131rd\u0131<\/p>\n","protected":false},"author":1,"featured_media":0,"comment_status":"closed","ping_status":"closed","sticky":false,"template":"","format":"standard","meta":{"footnotes":""},"categories":[17991],"tags":[],"class_list":["post-85049","post","type-post","status-publish","format-standard","","category-son-dakika"],"_links":{"self":[{"href":"https:\/\/archive.sana.sy\/tr\/index.php?rest_route=\/wp\/v2\/posts\/85049","targetHints":{"allow":["GET"]}}],"collection":[{"href":"https:\/\/archive.sana.sy\/tr\/index.php?rest_route=\/wp\/v2\/posts"}],"about":[{"href":"https:\/\/archive.sana.sy\/tr\/index.php?rest_route=\/wp\/v2\/types\/post"}],"author":[{"embeddable":true,"href":"https:\/\/archive.sana.sy\/tr\/index.php?rest_route=\/wp\/v2\/users\/1"}],"replies":[{"embeddable":true,"href":"https:\/\/archive.sana.sy\/tr\/index.php?rest_route=%2Fwp%2Fv2%2Fcomments&post=85049"}],"version-history":[{"count":0,"href":"https:\/\/archive.sana.sy\/tr\/index.php?rest_route=\/wp\/v2\/posts\/85049\/revisions"}],"wp:attachment":[{"href":"https:\/\/archive.sana.sy\/tr\/index.php?rest_route=%2Fwp%2Fv2%2Fmedia&parent=85049"}],"wp:term":[{"taxonomy":"category","embeddable":true,"href":"https:\/\/archive.sana.sy\/tr\/index.php?rest_route=%2Fwp%2Fv2%2Fcategories&post=85049"},{"taxonomy":"post_tag","embeddable":true,"href":"https:\/\/archive.sana.sy\/tr\/index.php?rest_route=%2Fwp%2Fv2%2Ftags&post=85049"}],"curies":[{"name":"wp","href":"https:\/\/api.w.org\/{rel}","templated":true}]}}