{"id":85050,"date":"2016-08-25T09:25:01","date_gmt":"2016-08-25T06:25:01","guid":{"rendered":"http:\/\/www.sana.sy\/tr\/?p=85050"},"modified":"2016-08-25T14:34:33","modified_gmt":"2016-08-25T11:34:33","slug":"homs-valiliginde-bir-kaynak-hain-ve-radikal-teroristlerin-saldirilarinda-savunmasiz-koy-ahalisinden-2-vatandasin-sehit-bircok-vatandasin-da-yarali-dustuklerini-aktardi","status":"publish","type":"post","link":"https:\/\/archive.sana.sy\/tr\/?p=85050","title":{"rendered":"Homs Valili\u011finde bir kaynak; hain ve radikal ter\u00f6ristlerin sald\u0131r\u0131lar\u0131nda savunmas\u0131z k\u00f6y ahalisinden 2 vatanda\u015f\u0131n \u015fehit, bir\u00e7ok vatanda\u015f\u0131n da yaral\u0131 d\u00fc\u015ft\u00fcklerini aktard\u0131."},"content":{"rendered":"<p>Homs Valili\u011finde bir kaynak; hain ve radikal ter\u00f6ristlerin sald\u0131r\u0131lar\u0131nda savunmas\u0131z k\u00f6y ahalisinden 2 vatanda\u015f\u0131n \u015fehit, bir\u00e7ok vatanda\u015f\u0131n da yaral\u0131 d\u00fc\u015ft\u00fcklerini aktard\u0131.<\/p>\n","protected":false},"excerpt":{"rendered":"<p>Homs Valili\u011finde bir kaynak; hain ve radikal ter\u00f6ristlerin sald\u0131r\u0131lar\u0131nda savunmas\u0131z k\u00f6y ahalisinden 2 vatanda\u015f\u0131n \u015fehit, bir\u00e7ok vatanda\u015f\u0131n da yaral\u0131 d\u00fc\u015ft\u00fcklerini aktard\u0131.<\/p>\n","protected":false},"author":1,"featured_media":0,"comment_status":"closed","ping_status":"closed","sticky":false,"template":"","format":"standard","meta":{"footnotes":""},"categories":[17991],"tags":[],"class_list":["post-85050","post","type-post","status-publish","format-standard","","category-son-dakika"],"_links":{"self":[{"href":"https:\/\/archive.sana.sy\/tr\/index.php?rest_route=\/wp\/v2\/posts\/85050","targetHints":{"allow":["GET"]}}],"collection":[{"href":"https:\/\/archive.sana.sy\/tr\/index.php?rest_route=\/wp\/v2\/posts"}],"about":[{"href":"https:\/\/archive.sana.sy\/tr\/index.php?rest_route=\/wp\/v2\/types\/post"}],"author":[{"embeddable":true,"href":"https:\/\/archive.sana.sy\/tr\/index.php?rest_route=\/wp\/v2\/users\/1"}],"replies":[{"embeddable":true,"href":"https:\/\/archive.sana.sy\/tr\/index.php?rest_route=%2Fwp%2Fv2%2Fcomments&post=85050"}],"version-history":[{"count":0,"href":"https:\/\/archive.sana.sy\/tr\/index.php?rest_route=\/wp\/v2\/posts\/85050\/revisions"}],"wp:attachment":[{"href":"https:\/\/archive.sana.sy\/tr\/index.php?rest_route=%2Fwp%2Fv2%2Fmedia&parent=85050"}],"wp:term":[{"taxonomy":"category","embeddable":true,"href":"https:\/\/archive.sana.sy\/tr\/index.php?rest_route=%2Fwp%2Fv2%2Fcategories&post=85050"},{"taxonomy":"post_tag","embeddable":true,"href":"https:\/\/archive.sana.sy\/tr\/index.php?rest_route=%2Fwp%2Fv2%2Ftags&post=85050"}],"curies":[{"name":"wp","href":"https:\/\/api.w.org\/{rel}","templated":true}]}}