{"id":85056,"date":"2016-08-25T14:49:19","date_gmt":"2016-08-25T11:49:19","guid":{"rendered":"http:\/\/www.sana.sy\/tr\/?p=85056"},"modified":"2016-08-26T11:09:01","modified_gmt":"2016-08-26T08:09:01","slug":"muallim-bagdata-is-gezisinde-bulunuyor","status":"publish","type":"post","link":"https:\/\/archive.sana.sy\/tr\/?p=85056","title":{"rendered":"Muallim Ba\u011fdat\u2019a \u0130\u015f Gezisinde Bulunuyor"},"content":{"rendered":"<p>BA\u011eDAT \u2013 D\u0131\u015fi\u015fleri ve Gurbet\u00e7iler Bakan\u0131 Velid el Muallim; Irakl\u0131 yetkililer ile ortak meseleleri masaya yat\u0131rmak \u00fczere Ba\u011fdat\u2019a resmi i\u015f gezisinde bulunuyor.<\/p>\n<p>Irak D\u0131\u015fi\u015fleri Bakanl\u0131\u011f\u0131 resmi s\u00f6zc\u00fcs\u00fc Ahmet Cemal Irak Enformasyonu Haber Ajans\u0131n\u0131n aktard\u0131\u011f\u0131 b\u00fclteninde; Muallim\u2019in resmi i\u015f gezisi kapsam\u0131nda Irak Ba\u015fkan\u0131 Fuat Masum, Ba\u015fbakan Haydar el Abbadi ve Irakl\u0131 mevkida\u015f\u0131 \u0130brahim el Caferi ile ortak \u00f6nem ta\u015f\u0131yan meseleleri masaya yat\u0131raca\u011f\u0131n\u0131 ilan etti.<\/p>\n<p>Cemal Muallim\u2019in Ba\u011fdat ziyaretinin, Irak D\u0131\u015fi\u015fleri Bakan\u0131 Caferi\u2019nin daveti \u00fczerine ger\u00e7ekle\u015fti\u011fini ifade etti.<\/p>\n","protected":false},"excerpt":{"rendered":"<p>BA\u011eDAT \u2013 D\u0131\u015fi\u015fleri ve Gurbet\u00e7iler Bakan\u0131 Velid el Muallim; Irakl\u0131 yetkililer ile ortak meseleleri masaya yat\u0131rmak \u00fczere Ba\u011fdat\u2019a resmi i\u015f gezisinde bulunuyor. Irak D\u0131\u015fi\u015fleri Bakanl\u0131\u011f\u0131 resmi s\u00f6zc\u00fcs\u00fc Ahmet Cemal Irak Enformasyonu Haber Ajans\u0131n\u0131n aktard\u0131\u011f\u0131 b\u00fclteninde; Muallim\u2019in resmi i\u015f gezisi kapsam\u0131nda Irak Ba\u015fkan\u0131 Fuat Masum, Ba\u015fbakan Haydar el Abbadi ve Irakl\u0131 mevkida\u015f\u0131 \u0130brahim el Caferi ile &hellip;<\/p>\n","protected":false},"author":1,"featured_media":85063,"comment_status":"closed","ping_status":"closed","sticky":false,"template":"","format":"standard","meta":{"footnotes":""},"categories":[458,459,17988],"tags":[23430,19199,23431,23432,18556],"class_list":["post-85056","post","type-post","status-publish","format-standard","has-post-thumbnail","","category-dunya1","category-haberler-arap-uluslararasi-politika","category-son-haberler","tag-bagdat-ziyareti","tag-disisleri-bakani","tag-irak-ve-suriye","tag-mualimin-bagdat-ziyareti","tag-velid-el-muallim"],"_links":{"self":[{"href":"https:\/\/archive.sana.sy\/tr\/index.php?rest_route=\/wp\/v2\/posts\/85056","targetHints":{"allow":["GET"]}}],"collection":[{"href":"https:\/\/archive.sana.sy\/tr\/index.php?rest_route=\/wp\/v2\/posts"}],"about":[{"href":"https:\/\/archive.sana.sy\/tr\/index.php?rest_route=\/wp\/v2\/types\/post"}],"author":[{"embeddable":true,"href":"https:\/\/archive.sana.sy\/tr\/index.php?rest_route=\/wp\/v2\/users\/1"}],"replies":[{"embeddable":true,"href":"https:\/\/archive.sana.sy\/tr\/index.php?rest_route=%2Fwp%2Fv2%2Fcomments&post=85056"}],"version-history":[{"count":0,"href":"https:\/\/archive.sana.sy\/tr\/index.php?rest_route=\/wp\/v2\/posts\/85056\/revisions"}],"wp:featuredmedia":[{"embeddable":true,"href":"https:\/\/archive.sana.sy\/tr\/index.php?rest_route=\/wp\/v2\/media\/85063"}],"wp:attachment":[{"href":"https:\/\/archive.sana.sy\/tr\/index.php?rest_route=%2Fwp%2Fv2%2Fmedia&parent=85056"}],"wp:term":[{"taxonomy":"category","embeddable":true,"href":"https:\/\/archive.sana.sy\/tr\/index.php?rest_route=%2Fwp%2Fv2%2Fcategories&post=85056"},{"taxonomy":"post_tag","embeddable":true,"href":"https:\/\/archive.sana.sy\/tr\/index.php?rest_route=%2Fwp%2Fv2%2Ftags&post=85056"}],"curies":[{"name":"wp","href":"https:\/\/api.w.org\/{rel}","templated":true}]}}